{"id":8284,"date":"2024-06-13T15:09:05","date_gmt":"2024-06-13T21:09:05","guid":{"rendered":"https:\/\/nbm.com.mx\/?p=8284"},"modified":"2024-06-13T22:16:55","modified_gmt":"2024-06-14T04:16:55","slug":"el-desafio-olimpico-comienza-para-mexico-con-bajas","status":"publish","type":"post","link":"https:\/\/nbm.com.mx\/index.php\/2024\/06\/13\/el-desafio-olimpico-comienza-para-mexico-con-bajas\/","title":{"rendered":"El desaf\u00edo Ol\u00edmpico comienza para M\u00e9xico con bajas"},"content":{"rendered":"\n<p>La Asociaci\u00f3n Deportiva Mexicana de B\u00e1squetbol (<strong>ADEMEBA<\/strong>) ha <strong>revelado<\/strong> la lista de jugadores convocados para el <strong>campamento de preparaci\u00f3n<\/strong> rumbo al <strong><a href=\"https:\/\/www.fiba.basketball\/es\/events\/fiba-olympic-qualifying-tournament-2024-san-juan-puerto-rico\" target=\"_blank\" rel=\"noreferrer noopener\">torneo preol\u00edmpico<\/a><\/strong> que se llevar\u00e1 a cabo en San Juan, <strong>Puerto Rico, del 2 al 7 de julio<\/strong>. El campamento comenzar\u00e1 el <strong>17 de junio<\/strong>, y contar\u00e1 con una serie de 3 partidos amistosos contra <strong>Argentina<\/strong> en <strong>Nogales, Sonora<\/strong>, <strong>Ciudad Ju\u00e1rez, Chihuahua y Ciudad de M\u00e9xico.<\/strong><\/p>\n\n\n\n<script async=\"\" src=\"https:\/\/pagead2.googlesyndication.com\/pagead\/js\/adsbygoogle.js?client=ca-pub-2648532975888472\" crossorigin=\"anonymous\"><\/script>\n<ins class=\"adsbygoogle\" style=\"display:block; text-align:center;\" data-ad-layout=\"in-article\" data-ad-format=\"fluid\" data-ad-client=\"ca-pub-2648532975888472\" data-ad-slot=\"1648043454\"><\/ins>\n<script>\n     (adsbygoogle = window.adsbygoogle || []).push({});\n<\/script>\n\n\n\n<p>La convocatoria incluye nombres destacados como <strong>Paul Stoll, Francisco Cruz, y Gabriel Gir\u00f3n Jr.<\/strong>, quienes ser\u00e1n <strong>piezas clave<\/strong> en la b\u00fasqueda del <strong>sue\u00f1o ol\u00edmpico<\/strong>. Sin embargo, la <strong>ausencia<\/strong> de <strong>dos figuras cruciales<\/strong>, <strong>Juan Toscano-Anderson y Jaime J\u00e1quez Jr.<\/strong>, ambos con experiencia en la<strong> NBA<\/strong>, es notable. Juan Toscano-Anderson, conocido por su paso por equipos como <strong>Golden State Warriors y Los Angeles Lakers<\/strong>, y Jaime J\u00e1quez Jr., reciente <strong>sensaci\u00f3n<\/strong> del <strong>Miami Heat<\/strong> en la NBA, <strong>no estar\u00e1n presentes<\/strong>.<\/p>\n\n\n\n<p>El coach <strong>Omar Quintero<\/strong> explic\u00f3 que <strong>Jaime J\u00e1quez<\/strong>, jugador del Miami Heat, no estar\u00e1 presente en esta etapa debido a su <strong>compromiso<\/strong> con un <strong>campamento del equipo de los Estados Unidos.<\/strong> \u00abJaime tuvo una temporada de muchos minutos y muchos partidos. Hemos estado hablando con \u00e9l, y est\u00e1 comprometido con el proyecto, pero ahora <strong>recibi\u00f3 una invitaci\u00f3n para entrenar con la \u00e9lite de la NBA<\/strong>, lo cual le servir\u00e1 de experiencia para la pr\u00f3xima temporada con su coach Erik Spoelstra\u00bb, coment\u00f3 Quintero.<\/p>\n\n\n\n<h4 class=\"wp-block-heading has-text-align-center\"><a href=\"https:\/\/nbm.com.mx\/index.php\/2024\/06\/11\/nba-vuelve-a-poner-sus-ojos-en-mexico-para-una-expansion\/\" target=\"_blank\" rel=\"noreferrer noopener\"><strong>Te puede interesar: NBA vuelve a poner sus ojos en M\u00e9xico para una expansi\u00f3n<\/strong><\/a><\/h4>\n\n\n\n<p>Por otro lado, <strong>Juan Toscano-Anderson<\/strong>, quien <strong>no ha jugado<\/strong> con la selecci\u00f3n mexicana desde <strong>los clasificatorios del Mundial el 25 de agosto en 2022<\/strong> donde la selecci\u00f3n <strong>cay\u00f3<\/strong> ante <strong>Colombia<\/strong> 89-93, tampoco fue llamado por Quintero. El entrenador decidi\u00f3 <strong>enfocarse en jugadores j\u00f3venes<\/strong> que participaron en la <a href=\"https:\/\/nbm.com.mx\/index.php\/2023\/08\/27\/mexico-pierde-ante-lituania-en-la-copa-mundial-2023\/\" target=\"_blank\" rel=\"noreferrer noopener\"><strong>pasada Copa del Mundo 2023<\/strong> <\/a>y en la primera fase de la <strong>FIBA Americup 2025<\/strong>. La ausencia de Toscano-Anderson ha sido motivo de <strong>controversia<\/strong>, especialmente despu\u00e9s de que en <strong>2023<\/strong> tuvo <strong>roces en redes sociales<\/strong> con <strong>Gustavo Ay\u00f3n<\/strong>. Ay\u00f3n acus\u00f3 a Toscano de exigir un trato especial y beneficios econ\u00f3micos, lo cual no fue bien recibido por el resto del equipo.<\/p>\n\n\n\n<script async=\"\" src=\"https:\/\/pagead2.googlesyndication.com\/pagead\/js\/adsbygoogle.js?client=ca-pub-2648532975888472\" crossorigin=\"anonymous\"><\/script>\n<ins class=\"adsbygoogle\" style=\"display:block; text-align:center;\" data-ad-layout=\"in-article\" data-ad-format=\"fluid\" data-ad-client=\"ca-pub-2648532975888472\" data-ad-slot=\"1648043454\"><\/ins>\n<script>\n     (adsbygoogle = window.adsbygoogle || []).push({});\n<\/script>\n\n\n\n<p>El desempe\u00f1o en estos partidos amistosos ser\u00e1 crucial para determinar la <strong>lista final de 12 jugadores<\/strong> que <strong>representar\u00e1n a M\u00e9xico<\/strong> en el <strong>preol\u00edmpico<\/strong>. La selecci\u00f3n tiene un desaf\u00edo enorme por delante y, sin sus <strong>estrellas de la NBA<\/strong>, la responsabilidad recae en los jugadores presentes para <strong>llevar a M\u00e9xico<\/strong> un paso m\u00e1s cerca de los <strong>Juegos Ol\u00edmpicos de Par\u00eds 2024<\/strong>. <\/p>\n\n\n\n<figure class=\"wp-block-embed is-type-rich is-provider-gestor-del-servicio wp-block-embed-gestor-del-servicio\"><div class=\"wp-block-embed__wrapper\">\n<div class=\"fb-post\" data-href=\"https:\/\/www.facebook.com\/ademeba.oficial\/posts\/pfbid031jJsLKKFsCnsrX7ktpiDKzNSP9F3tSwNov4zCHw3A5xUJYCapU2UvysUxxhYhoFCl\" data-width=\"552\" style=\"background-color: #fff; display: inline-block;\"><\/div>\n<\/div><\/figure>\n","protected":false},"excerpt":{"rendered":"<p>Se ha revelado la lista de jugadores convocados para el campamento de preparaci\u00f3n rumbo al torneo preol\u00edmpico que se llevar\u00e1 a cabo en San Juan, Puerto Rico, del 2 al 7 de julio.<\/p>\n","protected":false},"author":21,"featured_media":8291,"comment_status":"open","ping_status":"open","sticky":false,"template":"","format":"standard","meta":{"_monsterinsights_skip_tracking":false,"_monsterinsights_sitenote_active":false,"_monsterinsights_sitenote_note":"","_monsterinsights_sitenote_category":0,"_jetpack_memberships_contains_paid_content":false,"footnotes":"","jetpack_publicize_message":"","jetpack_publicize_feature_enabled":true,"jetpack_social_post_already_shared":true,"jetpack_social_options":{"image_generator_settings":{"template":"highway","default_image_id":0,"font":"","enabled":false},"version":2}},"categories":[121],"tags":[1198,409,139],"class_list":["post-8284","post","type-post","status-publish","format-standard","has-post-thumbnail","hentry","category-seleccion-nacional","tag-paris-2024","tag-preolimpico","tag-seleccion-nacional"],"aioseo_notices":[],"jetpack_publicize_connections":[],"jetpack_featured_media_url":"https:\/\/i0.wp.com\/nbm.com.mx\/wp-content\/uploads\/2024\/06\/Mesa-de-trabajo-1.jpg?fit=1920%2C1080&ssl=1","jetpack_sharing_enabled":true,"_links":{"self":[{"href":"https:\/\/nbm.com.mx\/index.php\/wp-json\/wp\/v2\/posts\/8284","targetHints":{"allow":["GET"]}}],"collection":[{"href":"https:\/\/nbm.com.mx\/index.php\/wp-json\/wp\/v2\/posts"}],"about":[{"href":"https:\/\/nbm.com.mx\/index.php\/wp-json\/wp\/v2\/types\/post"}],"author":[{"embeddable":true,"href":"https:\/\/nbm.com.mx\/index.php\/wp-json\/wp\/v2\/users\/21"}],"replies":[{"embeddable":true,"href":"https:\/\/nbm.com.mx\/index.php\/wp-json\/wp\/v2\/comments?post=8284"}],"version-history":[{"count":8,"href":"https:\/\/nbm.com.mx\/index.php\/wp-json\/wp\/v2\/posts\/8284\/revisions"}],"predecessor-version":[{"id":9596,"href":"https:\/\/nbm.com.mx\/index.php\/wp-json\/wp\/v2\/posts\/8284\/revisions\/9596"}],"wp:featuredmedia":[{"embeddable":true,"href":"https:\/\/nbm.com.mx\/index.php\/wp-json\/wp\/v2\/media\/8291"}],"wp:attachment":[{"href":"https:\/\/nbm.com.mx\/index.php\/wp-json\/wp\/v2\/media?parent=8284"}],"wp:term":[{"taxonomy":"category","embeddable":true,"href":"https:\/\/nbm.com.mx\/index.php\/wp-json\/wp\/v2\/categories?post=8284"},{"taxonomy":"post_tag","embeddable":true,"href":"https:\/\/nbm.com.mx\/index.php\/wp-json\/wp\/v2\/tags?post=8284"}],"curies":[{"name":"wp","href":"https:\/\/api.w.org\/{rel}","templated":true}]}}