{"id":7155,"date":"2024-01-06T09:56:54","date_gmt":"2024-01-06T15:56:54","guid":{"rendered":"https:\/\/nbm.com.mx\/?p=7155"},"modified":"2024-01-08T11:07:33","modified_gmt":"2024-01-08T17:07:33","slug":"saide-peraza-firma-con-el-olivais-fc-de-portugal","status":"publish","type":"post","link":"https:\/\/nbm.com.mx\/index.php\/2024\/01\/06\/saide-peraza-firma-con-el-olivais-fc-de-portugal\/","title":{"rendered":"Saide Peraza firma con el Olivais FC de Portugal"},"content":{"rendered":"\n<p>La agencia Oro Sports, misma que representa a <strong>Saide Peraza<\/strong> anunci\u00f3 que la basquetbolista mexicana jugar\u00e1 con el Olivais FC de la liga portuguesa.<\/p>\n\n\n\n<p>Esta<strong> ser\u00e1 la primera aventura de Saide en Europa<\/strong>, a sus 26 a\u00f1os, luego de un recorrido de tres a\u00f1os en el baloncesto nacional donde se ha consagrado como <strong>campeona <\/strong>en la LMBPF con Lobas de Aguascalientes (2021) y <strong>Teporacas <\/strong>de Chihuahua (2023), bicampeona en la <strong>LBN <\/strong>(2022, <strong>2023<\/strong>) con el mismo equipo, as\u00ed como con <strong>AZTKS <\/strong>en la <strong>ABC MEX (2023).<\/strong><\/p>\n\n\n\n<p>La ex-UPAEP ha sido seleccionada nacional desde las etapas juveniles y ha mantenido un proceso muy completo dentro del basket nacional, siendo una escolta vers\u00e1til para tomar el bal\u00f3n y alera si la t\u00e1ctica se lo demanda, aunque su mayor virtud recae en el valor defensivo.<\/p>\n\n\n\n<script async=\"\" src=\"https:\/\/pagead2.googlesyndication.com\/pagead\/js\/adsbygoogle.js?client=ca-pub-2648532975888472\" crossorigin=\"anonymous\"><\/script>\n<ins class=\"adsbygoogle\" style=\"display:block; text-align:center;\" data-ad-layout=\"in-article\" data-ad-format=\"fluid\" data-ad-client=\"ca-pub-2648532975888472\" data-ad-slot=\"1648043454\"><\/ins>\n<script>\n     (adsbygoogle = window.adsbygoogle || []).push({});\n<\/script>\n\n\n\n<p>El equipo de Coimbra fue <strong>relegado <\/strong>a la <strong>\u00abPrimera Divisi\u00f3n\u00bb<\/strong> la \u00faltima temporada tras quedar en pen\u00faltimo sitio, por lo que busca su regreso a la Betclic Femenina, la m\u00e1xima competici\u00f3n de las mujeres lusas. <strong>Olivais FC <\/strong>disputa la Zona Norte del LVIII Campeonato Femenino, <strong>en quinto lugar<\/strong> de ocho posibles con r\u00e9cord de 4-5.<\/p>\n\n\n\n<p><a href=\"https:\/\/nbm.com.mx\/index.php\/tag\/saide-peraza\/\" target=\"_blank\" rel=\"noreferrer noopener\">Saide Peraza Vargas<\/a> podr\u00eda debutar este fin de semana, el domingo 7 de enero cuando se enfrenten al l\u00edder de la zona, el AD Sanjoanense, con r\u00e9cord de 7-2, a las 10:30 a.m. del centro de M\u00e9xico (4:30 p.m. en Portugal), arrancando su cuarto a\u00f1o como basquetbolista profesional.<\/p>\n\n\n\n<p>La nayarita promedi\u00f3 <strong>6.9 puntos por partido, 6.7 rebotes y 3.2 asistencias con AZTKS<\/strong> en la primera temporada de la Asociaci\u00f3n de B\u00e1squetbol de Clubes Mexicanos<\/p>\n\n\n\n<p>Saide fue <strong>parte del Cuadro Ideal<\/strong> con AZTKS en las finales de <a href=\"https:\/\/abcmex.mx\/\" target=\"_blank\" rel=\"noreferrer noopener\">ABC MEX<\/a>; destacando como la tercera mejor asistidora de la liga en temporada regular con 3.7 asistencias en promedio, y la quinta mejor en robos con 1.8 por duelo. Said\u00e9 repiti\u00f3 en los llamados a selecci\u00f3n nacional, asistiendo a Centroamericanos, Panamericanos y Americup durante el 2023.<\/p>\n\n\n\n<p class=\"has-text-align-center\"><img decoding=\"async\" class=\"x1bwycvy x193iq5w x4fas0m x19kjcj4\" src=\"https:\/\/scontent.fmtt1-1.fna.fbcdn.net\/v\/t39.30808-6\/415494029_914621140227811_7684288142156796365_n.jpg?_nc_cat=101&amp;ccb=1-7&amp;_nc_sid=3635dc&amp;_nc_eui2=AeGd12IX6HoM-a-dek0TuiezZOhyZhtpqllk6HJmG2mqWbO9ySNu4oJojtfJ_Zv5WUjgFeK_pzrF_JEKKFjWabNa&amp;_nc_ohc=l-R6ChUUiJkAX-e-Ybu&amp;_nc_oc=AQnsBib2xLFBEvb8ccaeZpBJbV8XzhMkDdj6xl4Vc2X6C2C0bOReMzw2beaeqFkC6Ng&amp;_nc_ht=scontent.fmtt1-1.fna&amp;oh=00_AfCVrsA3-Z9InYzxSvqbwvhZkPsQW36GFcdQ_YLLdHr9yg&amp;oe=659D3B5F\" alt=\"Puede ser una imagen de 2 personas, personas jugando al b\u00e1squet y texto\" style=\"width: 450px;\"><\/p>\n","protected":false},"excerpt":{"rendered":"<p>La agencia que representa a Saide Peraza dio a conocer su llegada al viejo continente para disputar la Primera Divisi\u00f3n en el pa\u00eds luso.<\/p>\n","protected":false},"author":6,"featured_media":7158,"comment_status":"open","ping_status":"open","sticky":false,"template":"","format":"standard","meta":{"_monsterinsights_skip_tracking":false,"_monsterinsights_sitenote_active":false,"_monsterinsights_sitenote_note":"","_monsterinsights_sitenote_category":0,"_jetpack_memberships_contains_paid_content":false,"footnotes":"","jetpack_publicize_message":"","jetpack_publicize_feature_enabled":true,"jetpack_social_post_already_shared":true,"jetpack_social_options":{"image_generator_settings":{"template":"highway","default_image_id":0,"font":"","enabled":false},"version":2}},"categories":[126],"tags":[1460,438],"class_list":["post-7155","post","type-post","status-publish","format-standard","has-post-thumbnail","hentry","category-internacional","tag-olivais-fc","tag-saide-peraza"],"aioseo_notices":[],"jetpack_publicize_connections":[],"jetpack_featured_media_url":"https:\/\/i0.wp.com\/nbm.com.mx\/wp-content\/uploads\/2024\/01\/Saide-Peraza.jpg?fit=1200%2C675&ssl=1","jetpack_sharing_enabled":true,"_links":{"self":[{"href":"https:\/\/nbm.com.mx\/index.php\/wp-json\/wp\/v2\/posts\/7155","targetHints":{"allow":["GET"]}}],"collection":[{"href":"https:\/\/nbm.com.mx\/index.php\/wp-json\/wp\/v2\/posts"}],"about":[{"href":"https:\/\/nbm.com.mx\/index.php\/wp-json\/wp\/v2\/types\/post"}],"author":[{"embeddable":true,"href":"https:\/\/nbm.com.mx\/index.php\/wp-json\/wp\/v2\/users\/6"}],"replies":[{"embeddable":true,"href":"https:\/\/nbm.com.mx\/index.php\/wp-json\/wp\/v2\/comments?post=7155"}],"version-history":[{"count":3,"href":"https:\/\/nbm.com.mx\/index.php\/wp-json\/wp\/v2\/posts\/7155\/revisions"}],"predecessor-version":[{"id":7163,"href":"https:\/\/nbm.com.mx\/index.php\/wp-json\/wp\/v2\/posts\/7155\/revisions\/7163"}],"wp:featuredmedia":[{"embeddable":true,"href":"https:\/\/nbm.com.mx\/index.php\/wp-json\/wp\/v2\/media\/7158"}],"wp:attachment":[{"href":"https:\/\/nbm.com.mx\/index.php\/wp-json\/wp\/v2\/media?parent=7155"}],"wp:term":[{"taxonomy":"category","embeddable":true,"href":"https:\/\/nbm.com.mx\/index.php\/wp-json\/wp\/v2\/categories?post=7155"},{"taxonomy":"post_tag","embeddable":true,"href":"https:\/\/nbm.com.mx\/index.php\/wp-json\/wp\/v2\/tags?post=7155"}],"curies":[{"name":"wp","href":"https:\/\/api.w.org\/{rel}","templated":true}]}}