{"id":4328,"date":"2023-03-20T22:46:19","date_gmt":"2023-03-21T04:46:19","guid":{"rendered":"https:\/\/nbm.com.mx\/?p=4328"},"modified":"2023-03-20T22:46:21","modified_gmt":"2023-03-21T04:46:21","slug":"la-abc-mex-define-calendario-rumbo-a-la-temporada-2023","status":"publish","type":"post","link":"https:\/\/nbm.com.mx\/index.php\/2023\/03\/20\/la-abc-mex-define-calendario-rumbo-a-la-temporada-2023\/","title":{"rendered":"La ABC MEX define calendario rumbo a la temporada 2023"},"content":{"rendered":"\n<p>La Asociaci\u00f3n de Basquetbol de Clubes Mexicanos (<strong>ABC MEX<\/strong>) contin\u00faa trabajando a marchas forzadas rumbo al inicio de la primera temporada de la Liga Profesional Femenil ABC MEX y los Campeonatos Nacionales Juveniles e Infantiles para el 2023.<\/p>\n\n\n\n<p>A trav\u00e9s de la celebraci\u00f3n del \u201cSegundo congreso gerencial ABC MX\u201d con sede en la casa de las<strong> Plebes de Mazatl\u00e1n<\/strong>, Sinaloa, los presidentes de los clubes que conforman a la liga abordaron diferentes puntos resumidos en:<\/p>\n\n\n\n<ul class=\"wp-block-list\">\n<li>Cierre de registros<\/li>\n\n\n\n<li>Definici\u00f3n de sistema de competencia y sorteos de grupos liga profesional<\/li>\n\n\n\n<li>Calendario de juegos<\/li>\n\n\n\n<li>Convocatoria de los nacionales de academias ABC MEX<\/li>\n<\/ul>\n\n\n\n<script async=\"\" src=\"https:\/\/pagead2.googlesyndication.com\/pagead\/js\/adsbygoogle.js?client=ca-pub-2648532975888472\" crossorigin=\"anonymous\"><\/script>\n<ins class=\"adsbygoogle\" style=\"display:block; text-align:center;\" data-ad-layout=\"in-article\" data-ad-format=\"fluid\" data-ad-client=\"ca-pub-2648532975888472\" data-ad-slot=\"1648043454\"><\/ins>\n<script>\n     (adsbygoogle = window.adsbygoogle || []).push({});\n<\/script>\n\n\n\n<p>Destacando en palabras del presidente de la liga, <strong>Alejandro Garza<\/strong>, la confirmaci\u00f3n de 10 equipos para la primera temporada de la liga profesional femenil.<\/p>\n\n\n\n<ul class=\"wp-block-list\">\n<li>Barreteras de Zacatecas<\/li>\n\n\n\n<li>Escaramuzas de Jalisco<\/li>\n\n\n\n<li>Centauros de Chihuahua<\/li>\n\n\n\n<li>Stars de Santiago<\/li>\n\n\n\n<li>Marineras de Puerto Vallarta<\/li>\n\n\n\n<li>Las Plebes de Mazatl\u00e1n<\/li>\n\n\n\n<li>Aztks del Estado de M\u00e9xico<\/li>\n\n\n\n<li>Atl\u00e9ticas de Nuevo Le\u00f3n<\/li>\n\n\n\n<li>Algodoneras de la Comarca<\/li>\n\n\n\n<li>Buj\u00edas de Aguascalientes<\/li>\n<\/ul>\n\n\n\n<p>Siendo el equipo hidroc\u00e1lido el \u00faltimo en adherirse a la temporada 2023. Asimismo, se defini\u00f3 el sistema de competencia y calendario de juegos, program\u00e1ndose 140 partidos en est\u00e1 primera edici\u00f3n.<\/p>\n\n\n\n<script async=\"\" src=\"https:\/\/pagead2.googlesyndication.com\/pagead\/js\/adsbygoogle.js?client=ca-pub-2648532975888472\" crossorigin=\"anonymous\"><\/script>\n<ins class=\"adsbygoogle\" style=\"display:block; text-align:center;\" data-ad-layout=\"in-article\" data-ad-format=\"fluid\" data-ad-client=\"ca-pub-2648532975888472\" data-ad-slot=\"1648043454\"><\/ins>\n<script>\n     (adsbygoogle = window.adsbygoogle || []).push({});\n<\/script>\n\n\n\n<p>Las conferencias ser\u00e1n las siguientes:<\/p>\n\n\n\n<h3 class=\"wp-block-heading\">Conferencia A<\/h3>\n\n\n\n<ul class=\"wp-block-list\">\n<li>Stars de Santiago<\/li>\n\n\n\n<li>Centauros de Chihuahua<\/li>\n\n\n\n<li>Atl\u00e9ticas de Nuevo Le\u00f3n<\/li>\n\n\n\n<li>Algodoneras de la Comarca<\/li>\n\n\n\n<li>Las Plebes de Mazatl\u00e1n<\/li>\n<\/ul>\n\n\n\n<h3 class=\"wp-block-heading\">Conferencia B<\/h3>\n\n\n\n<ul class=\"wp-block-list\">\n<li>Barreteras de Zacatecas<\/li>\n\n\n\n<li>Escaramuzas de Jalisco<\/li>\n\n\n\n<li>Marineras de Puerto Vallarta<\/li>\n\n\n\n<li>Aztks del Estado de M\u00e9xico<\/li>\n\n\n\n<li>Buj\u00edas de Aguascalientes<\/li>\n<\/ul>\n\n\n\n<p>La liga oficialmente <strong>iniciar\u00e1 el 5 y 6 de agosto <\/strong>del a\u00f1o en curso, teniendo un cierre el 21 de octubre con la final.<\/p>\n\n\n\n<script async=\"\" src=\"https:\/\/pagead2.googlesyndication.com\/pagead\/js\/adsbygoogle.js?client=ca-pub-2648532975888472\" crossorigin=\"anonymous\"><\/script>\n<ins class=\"adsbygoogle\" style=\"display:block; text-align:center;\" data-ad-layout=\"in-article\" data-ad-format=\"fluid\" data-ad-client=\"ca-pub-2648532975888472\" data-ad-slot=\"1648043454\"><\/ins>\n<script>\n     (adsbygoogle = window.adsbygoogle || []).push({});\n<\/script>\n\n\n\n<h2 class=\"wp-block-heading\">Nacionales de academias definen sedes<\/h2>\n\n\n\n<p>Otro de los temas a destacar del congreso fue la definici\u00f3n de las sedes de los Nacionales infantiles y juveniles de las Academias:<\/p>\n\n\n\n<ul class=\"wp-block-list\">\n<li>U16 varonil y femenil: Tlalnepantla de Baz, Estado de M\u00e9xico en <a href=\"https:\/\/nbm.com.mx\/index.php\/tag\/domo-castel-cleto-reyes\/\" target=\"_blank\" rel=\"noreferrer noopener\">Domo Castel-Cleto Reyes<\/a>, del 20 al 23 de abril.<\/li>\n\n\n\n<li>U14 varonil y femenil: <a href=\"https:\/\/goo.gl\/maps\/Dn1GP73Ezs3uosUC9\" target=\"_blank\" rel=\"noreferrer noopener\">Sayula<\/a>, Jalisco, del 25 al 28 de mayo<\/li>\n\n\n\n<li>U19 varonil y femenil: Puerto Vallarta, Jalisco en Junio<\/li>\n\n\n\n<li>U11 varonil y femenil: Chihuahua, Chihuahua en Julio<\/li>\n<\/ul>\n\n\n\n<h2 class=\"wp-block-heading\">El tercer Congreso ABC MEX ser\u00e1 en Chihuahua<\/h2>\n\n\n\n<p>Con la presencia del Ingeniero,<strong> Mart\u00edn Galindo, <\/strong>se aprob\u00f3 que la reuni\u00f3n del tercer Congreso Gerencial de la ABC MEX se celebrar\u00e1 en el estado grande M\u00e9xico, para el pr\u00f3ximo 3 y 4 de junio, el cual servir\u00e1 para definir detalles de cara al arranque de la temporada.<\/p>\n","protected":false},"excerpt":{"rendered":"<p>En Mazatl\u00e1n se anunci\u00f3 que la primera temporada de la ABC MEX comenzar\u00e1 el 5 de agosto y contar\u00e1 con la participaci\u00f3n de 10 equipos.<\/p>\n","protected":false},"author":1,"featured_media":4329,"comment_status":"open","ping_status":"open","sticky":false,"template":"","format":"standard","meta":{"_monsterinsights_skip_tracking":false,"_monsterinsights_sitenote_active":false,"_monsterinsights_sitenote_note":"","_monsterinsights_sitenote_category":0,"_jetpack_memberships_contains_paid_content":false,"footnotes":"","jetpack_publicize_message":"","jetpack_publicize_feature_enabled":true,"jetpack_social_post_already_shared":true,"jetpack_social_options":{"image_generator_settings":{"template":"highway","default_image_id":0,"font":"","enabled":false},"version":2}},"categories":[933],"tags":[934,1052,276,1053,1051],"class_list":["post-4328","post","type-post","status-publish","format-standard","has-post-thumbnail","hentry","category-abc-mex","tag-abc-mex","tag-alejandro-garza","tag-aztks","tag-bujias-de-aguascalientes","tag-martin-galindo"],"aioseo_notices":[],"jetpack_publicize_connections":[],"jetpack_featured_media_url":"https:\/\/i0.wp.com\/nbm.com.mx\/wp-content\/uploads\/2023\/03\/ABC-MEX.jpg?fit=1200%2C675&ssl=1","jetpack_sharing_enabled":true,"_links":{"self":[{"href":"https:\/\/nbm.com.mx\/index.php\/wp-json\/wp\/v2\/posts\/4328","targetHints":{"allow":["GET"]}}],"collection":[{"href":"https:\/\/nbm.com.mx\/index.php\/wp-json\/wp\/v2\/posts"}],"about":[{"href":"https:\/\/nbm.com.mx\/index.php\/wp-json\/wp\/v2\/types\/post"}],"author":[{"embeddable":true,"href":"https:\/\/nbm.com.mx\/index.php\/wp-json\/wp\/v2\/users\/1"}],"replies":[{"embeddable":true,"href":"https:\/\/nbm.com.mx\/index.php\/wp-json\/wp\/v2\/comments?post=4328"}],"version-history":[{"count":2,"href":"https:\/\/nbm.com.mx\/index.php\/wp-json\/wp\/v2\/posts\/4328\/revisions"}],"predecessor-version":[{"id":4332,"href":"https:\/\/nbm.com.mx\/index.php\/wp-json\/wp\/v2\/posts\/4328\/revisions\/4332"}],"wp:featuredmedia":[{"embeddable":true,"href":"https:\/\/nbm.com.mx\/index.php\/wp-json\/wp\/v2\/media\/4329"}],"wp:attachment":[{"href":"https:\/\/nbm.com.mx\/index.php\/wp-json\/wp\/v2\/media?parent=4328"}],"wp:term":[{"taxonomy":"category","embeddable":true,"href":"https:\/\/nbm.com.mx\/index.php\/wp-json\/wp\/v2\/categories?post=4328"},{"taxonomy":"post_tag","embeddable":true,"href":"https:\/\/nbm.com.mx\/index.php\/wp-json\/wp\/v2\/tags?post=4328"}],"curies":[{"name":"wp","href":"https:\/\/api.w.org\/{rel}","templated":true}]}}