{"id":4070,"date":"2023-02-15T12:44:50","date_gmt":"2023-02-15T18:44:50","guid":{"rendered":"https:\/\/nbm.com.mx\/?p=4070"},"modified":"2023-02-15T17:30:10","modified_gmt":"2023-02-15T23:30:10","slug":"el-objetivo-es-competir-en-la-abc-mex-sergio-jimenez","status":"publish","type":"post","link":"https:\/\/nbm.com.mx\/index.php\/2023\/02\/15\/el-objetivo-es-competir-en-la-abc-mex-sergio-jimenez\/","title":{"rendered":"Sergio Jim\u00e9nez: \u201cEl objetivo es competir en la ABC Mex\u201d"},"content":{"rendered":"\n<p>Luego de la presentaci\u00f3n de la<strong> ABC MEX<\/strong> el pasado 21 de enero, <strong>Sergio Jim\u00e9nez<\/strong>, presidente del Club Aztks, habl\u00f3 <strong>en exclusiva para NBM <\/strong>y declaro estar feliz por el regreso de las mexiquenses al basquetbol profesional femenil: \u201c<em>Me siento feliz, porque al final del d\u00eda esto era lo que busc\u00e1bamos: academia y equipo profesional<\/em>\u201d.<\/p>\n\n\n\n<p>El tambi\u00e9n vicepresidente de la <a href=\"https:\/\/www.facebook.com\/laabcmex\" target=\"_blank\" rel=\"noreferrer noopener\">ABC MEX<\/a> explic\u00f3 que su incorporaci\u00f3n a la liga se debe a la sinergia que la asociaci\u00f3n buscaba al acercarse al club de Tlalnepantla: \u201c<em>Nosotros estamos buscando regresar al \u00e1mbito profesional y ABC nos queda perfecto porque ellos tambi\u00e9n estaban buscando esta sinergia con Aztks. Para poder tener \u00e9xito, como en una relaci\u00f3n, hay que tener las cosas bien claras ambas partes<\/em>\u201d.<\/p>\n\n\n\n<h2 class=\"wp-block-heading\"><strong>\u201cSiempre que se cierra una puerta, se abren otras\u201d<\/strong><\/h2>\n\n\n\n<p>Jim\u00e9nez recalc\u00f3 que su instituci\u00f3n est\u00e1 \u201cfeliz\u201d por incorporarse a la asociaci\u00f3n y el grupo de trabajo que se ha generado: \u201c<em>Nosotros estamos felices de incorporarnos aqu\u00ed, de trabajar para ABC y ABC para nosotros. Yo creo que es una sinergia que siempre debe existir,<strong> por eso decidimos venir para ac\u00e1. Adem\u00e1s de que, obviamente, como ya conocemos, hay cosas que en otros lados se cerraron<\/strong>. Pero siempre que se cierra una puerta, se abren otras<\/em>\u201d.<\/p>\n\n\n\n<script async=\"\" src=\"https:\/\/pagead2.googlesyndication.com\/pagead\/js\/adsbygoogle.js?client=ca-pub-2648532975888472\" crossorigin=\"anonymous\"><\/script>\n<ins class=\"adsbygoogle\" style=\"display:block; text-align:center;\" data-ad-layout=\"in-article\" data-ad-format=\"fluid\" data-ad-client=\"ca-pub-2648532975888472\" data-ad-slot=\"1648043454\"><\/ins>\n<script>\n     (adsbygoogle = window.adsbygoogle || []).push({});\n<\/script>\n\n\n\n<h2 class=\"wp-block-heading\">\u201cEl objetivo es que hagamos un nacional de academias\u201d<\/h2>\n\n\n\n<p>Para el directivo mexiquense: \u201c<em><strong>La base de toda sociedad son los ni\u00f1os, son los j\u00f3venes<\/strong>. No podemos dejar pasar eso, que la base para la liga a futuro son las ni\u00f1as. Lo que hemos pensado, como club, es que las ni\u00f1as y ni\u00f1os vayan a sus escuelas y luego regresen, sobre todo en el proyecto femenil. Tenemos cuatro espacios donde se desarrollan ni\u00f1os y ni\u00f1as y vamos a darle, porque la idea es que cada equipo tenga su academia<\/em>\u201d.<\/p>\n\n\n\n<p>Tambi\u00e9n explic\u00f3 que la ABC organizar\u00e1 su torneo de academias, en la que se invitara a otras academias formativas: \u201c<em>As\u00ed como es el torneo profesional de la ABC MEX, vamos a celebrar el torneo de academias, que adem\u00e1s vamos a sumar a otras tantas. Por ejemplo, ahorita viene con nosotros Cobras.<strong> El objetivo es que hagamos un nacional de academias<\/strong><\/em>\u201d.<\/p>\n\n\n\n<h2 class=\"wp-block-heading\"><strong>Aztks a\u00fan no define coach<\/strong><\/h2>\n\n\n\n<p>Sobre qui\u00e9n ser\u00e1 el timonel de <a href=\"https:\/\/nbm.com.mx\/index.php\/tag\/aztks\/\" target=\"_blank\" rel=\"noreferrer noopener\">Aztks<\/a>, Jim\u00e9nez declar\u00f3 que: \u201c<em>a\u00fan no tenemos nada, tenemos que hablar con nuestra Coordinaci\u00f3n, con <strong>H\u00e9ctor de la Rosa<\/strong>, con nuestro Director Deportivo, el profesor <strong>Armando Acosta<\/strong><\/em>\u201d. <\/p>\n\n\n\n<p>Adem\u00e1s, sobre algunas incorporaciones para el plantel explic\u00f3 que esta <em>scouteando<\/em>, pero est\u00e1n esperando la firma de su nuevo entrenador para comenzar incorporaciones: \u201c<em><strong>Tenemos deportistas en el radar, pero obviamente vamos a ir paso a paso<\/strong>, de acuerdo con lo que pida coach principal<\/em>\u201d.<\/p>\n\n\n\n<script async=\"\" src=\"https:\/\/pagead2.googlesyndication.com\/pagead\/js\/adsbygoogle.js?client=ca-pub-2648532975888472\" crossorigin=\"anonymous\"><\/script>\n<ins class=\"adsbygoogle\" style=\"display:block; text-align:center;\" data-ad-layout=\"in-article\" data-ad-format=\"fluid\" data-ad-client=\"ca-pub-2648532975888472\" data-ad-slot=\"1648043454\"><\/ins>\n<script>\n     (adsbygoogle = window.adsbygoogle || []).push({});\n<\/script>\n\n\n\n<h2 class=\"wp-block-heading\">Competir, el objetivo de Aztks<\/h2>\n\n\n\n<p>Sobre los objetivos que tiene para su equipo, declar\u00f3 que: \u201c<em>No puedo decir que vamos a ganar, pero primero vamos a competir y que el equipo muestre lo que nosotros somos como instituci\u00f3n. Siempre vamos a pedir que sea aguerrido, que nunca baje los brazos, que sea humilde al jugar, que sea humilde y sencillo con nuestra afici\u00f3n y<strong> de ah\u00ed vamos a partir para competir y estar dentro de los tres primeros lugares<\/strong><\/em>\u201d.<\/p>\n\n\n\n<p>Por \u00faltimo, hizo un llamado a la afici\u00f3n para apoyarlos en su casa: \u201c<em><strong>El Domo Castel- Cleto Reyes nos espera, a toda la afici\u00f3n<\/strong>. Vamos a tener muchas cosas para ellos y deseamos que este sea un proyecto en donde se involucren todos, p\u00fablico en general, nosotros empresas<\/em>\u201d.<\/p>\n\n\n\n<figure class=\"wp-block-embed is-type-video is-provider-youtube wp-block-embed-youtube wp-embed-aspect-16-9 wp-has-aspect-ratio\"><div class=\"wp-block-embed__wrapper\">\n<iframe loading=\"lazy\" title=\"Sergio Jim\u00e9nez contento del regreso de Aztks al baloncesto profesional femenil\" width=\"1000\" height=\"563\" src=\"https:\/\/www.youtube.com\/embed\/aQw7_6FP2AU?feature=oembed\" frameborder=\"0\" allow=\"accelerometer; autoplay; clipboard-write; encrypted-media; gyroscope; picture-in-picture; web-share\" allowfullscreen><\/iframe>\n<\/div><\/figure>\n","protected":false},"excerpt":{"rendered":"<p>Sergio Jim\u00e9nez, presidente del Club Aztks, habl\u00f3 sobre el regreso de la instituci\u00f3n mexiquense al basquetbol profesional con su incorporaci\u00f3n a la ABC MEX.<\/p>\n","protected":false},"author":10,"featured_media":4071,"comment_status":"open","ping_status":"open","sticky":false,"template":"","format":"standard","meta":{"_monsterinsights_skip_tracking":false,"_monsterinsights_sitenote_active":false,"_monsterinsights_sitenote_note":"","_monsterinsights_sitenote_category":0,"_jetpack_memberships_contains_paid_content":false,"footnotes":"","jetpack_publicize_message":"","jetpack_publicize_feature_enabled":true,"jetpack_social_post_already_shared":true,"jetpack_social_options":{"image_generator_settings":{"template":"highway","default_image_id":0,"font":"","enabled":false},"version":2}},"categories":[933],"tags":[934,276,162,386,984],"class_list":["post-4070","post","type-post","status-publish","format-standard","has-post-thumbnail","hentry","category-abc-mex","tag-abc-mex","tag-aztks","tag-basquetbol-femenil","tag-domo-castel-cleto-reyes","tag-sergio-jimenez"],"aioseo_notices":[],"jetpack_publicize_connections":[],"jetpack_featured_media_url":"https:\/\/i0.wp.com\/nbm.com.mx\/wp-content\/uploads\/2023\/02\/Sergio-Jimenez.jpg?fit=1280%2C720&ssl=1","jetpack_sharing_enabled":true,"_links":{"self":[{"href":"https:\/\/nbm.com.mx\/index.php\/wp-json\/wp\/v2\/posts\/4070","targetHints":{"allow":["GET"]}}],"collection":[{"href":"https:\/\/nbm.com.mx\/index.php\/wp-json\/wp\/v2\/posts"}],"about":[{"href":"https:\/\/nbm.com.mx\/index.php\/wp-json\/wp\/v2\/types\/post"}],"author":[{"embeddable":true,"href":"https:\/\/nbm.com.mx\/index.php\/wp-json\/wp\/v2\/users\/10"}],"replies":[{"embeddable":true,"href":"https:\/\/nbm.com.mx\/index.php\/wp-json\/wp\/v2\/comments?post=4070"}],"version-history":[{"count":4,"href":"https:\/\/nbm.com.mx\/index.php\/wp-json\/wp\/v2\/posts\/4070\/revisions"}],"predecessor-version":[{"id":4084,"href":"https:\/\/nbm.com.mx\/index.php\/wp-json\/wp\/v2\/posts\/4070\/revisions\/4084"}],"wp:featuredmedia":[{"embeddable":true,"href":"https:\/\/nbm.com.mx\/index.php\/wp-json\/wp\/v2\/media\/4071"}],"wp:attachment":[{"href":"https:\/\/nbm.com.mx\/index.php\/wp-json\/wp\/v2\/media?parent=4070"}],"wp:term":[{"taxonomy":"category","embeddable":true,"href":"https:\/\/nbm.com.mx\/index.php\/wp-json\/wp\/v2\/categories?post=4070"},{"taxonomy":"post_tag","embeddable":true,"href":"https:\/\/nbm.com.mx\/index.php\/wp-json\/wp\/v2\/tags?post=4070"}],"curies":[{"name":"wp","href":"https:\/\/api.w.org\/{rel}","templated":true}]}}