{"id":2764,"date":"2022-01-17T18:55:42","date_gmt":"2022-01-18T00:55:42","guid":{"rendered":"https:\/\/nbm.com.mx\/?p=2764"},"modified":"2022-01-17T22:34:22","modified_gmt":"2022-01-18T04:34:22","slug":"regresa-la-liga-abe-para-inicios-de-marzo","status":"publish","type":"post","link":"https:\/\/nbm.com.mx\/index.php\/2022\/01\/17\/regresa-la-liga-abe-para-inicios-de-marzo\/","title":{"rendered":"REGRESA LA LIGA ABE PARA INICIOS DE MARZO"},"content":{"rendered":"\n<p class=\"has-text-align-justify\">En conferencia de prensa, encabezada por Yair Olano y el director de deportes de UPAEP, Juan Manuel Aguirre Langle, la Liga ABE anunci\u00f3 su regreso para Marzo 2022 tras dos a\u00f1os de inactividad por la pandemia de COVID-19, contando con sus dos divisiones y sin descensos para esta temporada, pero s\u00ed con posibilidad de ascender, siendo el 10 de febrero la fecha l\u00edmite para confirmar participaci\u00f3n.<\/p>\n\n\n\n<figure class=\"wp-block-image size-large\"><img data-recalc-dims=\"1\" loading=\"lazy\" decoding=\"async\" width=\"1000\" height=\"666\" src=\"https:\/\/i0.wp.com\/nbm.com.mx\/wp-content\/uploads\/2022\/01\/WhatsApp-Image-2022-01-17-at-6.47.06-PM.jpeg?resize=1000%2C666&#038;ssl=1\" alt=\"\" class=\"wp-image-2765\" srcset=\"https:\/\/i0.wp.com\/nbm.com.mx\/wp-content\/uploads\/2022\/01\/WhatsApp-Image-2022-01-17-at-6.47.06-PM.jpeg?resize=1024%2C682&amp;ssl=1 1024w, https:\/\/i0.wp.com\/nbm.com.mx\/wp-content\/uploads\/2022\/01\/WhatsApp-Image-2022-01-17-at-6.47.06-PM.jpeg?resize=300%2C200&amp;ssl=1 300w, https:\/\/i0.wp.com\/nbm.com.mx\/wp-content\/uploads\/2022\/01\/WhatsApp-Image-2022-01-17-at-6.47.06-PM.jpeg?resize=768%2C512&amp;ssl=1 768w, https:\/\/i0.wp.com\/nbm.com.mx\/wp-content\/uploads\/2022\/01\/WhatsApp-Image-2022-01-17-at-6.47.06-PM.jpeg?resize=128%2C85&amp;ssl=1 128w, https:\/\/i0.wp.com\/nbm.com.mx\/wp-content\/uploads\/2022\/01\/WhatsApp-Image-2022-01-17-at-6.47.06-PM.jpeg?resize=32%2C21&amp;ssl=1 32w, https:\/\/i0.wp.com\/nbm.com.mx\/wp-content\/uploads\/2022\/01\/WhatsApp-Image-2022-01-17-at-6.47.06-PM.jpeg?w=1280&amp;ssl=1 1280w\" sizes=\"auto, (max-width: 1000px) 100vw, 1000px\" \/><figcaption>Foto: Alejandro Arag\u00f3n <\/figcaption><\/figure>\n\n\n\n<p class=\"has-text-align-justify\">A\u00fan se manejan dos escenarios de competici\u00f3n. El primero consiste en Conferencias (Norte y Centro) como en 2016-2017. El segundo ser\u00eda el formato normal de round robin. Ambos formatos podr\u00edan contar con Ocho Grandes aunque separado por sedes, sin embargo esto no est\u00e1 100% confirmado, pues ser\u00e1 hasta febrero donde se fije el calendario competitivo<\/p>\n\n\n\n<p class=\"has-text-align-justify\">El Tec de Monterrey se mantendr\u00eda como sede final para semifinales y finales, pero los cuartos habr\u00edan de jugarse en cada instituci\u00f3n que maneje la mejor posici\u00f3n seg\u00fan el ranking. Asimismo se confirm\u00f3 que los descendidos en la temporada 2019-2020 se mantienen en Divisi\u00f3n II. Es decir que la UAZ (varonil y femenil), el Tec Chihuahua (femenil) y el Tec Santa Fe* (varonil) deber\u00e1n volver a la Divisi\u00f3n II.<\/p>\n\n\n\n<p class=\"has-text-align-right\"><em>*Por revisar caso, debido a posibles apelaciones de la instituci\u00f3n.<\/em><\/p>\n\n\n\n<p class=\"has-text-align-justify\">Respecto al protocolo sanitario, Olano dej\u00f3 en claro que a\u00fan se debate la posibilidad de hacer pruebas PCR o de ant\u00edgenos para los deportistas y miembros del staff, para cuidar la salud de todos los involucrados. Asimismo se especula sobre la participaci\u00f3n de la UDLAP, quien por conflictos con el estado, podr\u00eda no estar en el regreso de la liga, aunque Olano anticipo que ayudar\u00e1n de la mejor forma posible.<\/p>\n\n\n\n<p class=\"has-text-align-justify\">Tambi\u00e9n existe una posibilidad del regreso de la UACH, quienes en 2019 decidieron darse de baja indefinidamente por problemas presupuestales, aunque no se sabe con certeza a qu\u00e9 divisi\u00f3n retornar\u00eda. Por \u00faltimo, Aguirre inst\u00f3 a las dem\u00e1s universidades a hacer el esfuerzo por regresar al circuito puesto que existe disposici\u00f3n de las universidades de reactivar el deporte.<\/p>\n\n\n\n<p class=\"has-text-align-justify\">De seguir los lineamientos expresados, la ABE varonil tendr\u00eda 17 equipos en competencia (si UACH y UDLAP se suman) a menos que alguna Universidad no pueda confirmar su participaci\u00f3n mientras que la ABE femenil tendr\u00eda 14 equipos compitiendo (mismo caso de UACH y UDLAP) a reserva de la no participaci\u00f3n de alguna instituci\u00f3n.<\/p>\n","protected":false},"excerpt":{"rendered":"<p>La Liga ABE anunci\u00f3 su regreso para Marzo 2022 tras dos a\u00f1os de inactividad por la pandemia de COVID-19, contando con sus dos divisiones y sin descensos para esta temporada<\/p>\n","protected":false},"author":6,"featured_media":2766,"comment_status":"open","ping_status":"open","sticky":false,"template":"","format":"standard","meta":{"_monsterinsights_skip_tracking":false,"_monsterinsights_sitenote_active":false,"_monsterinsights_sitenote_note":"","_monsterinsights_sitenote_category":0,"_jetpack_memberships_contains_paid_content":false,"footnotes":"","jetpack_publicize_message":"","jetpack_publicize_feature_enabled":true,"jetpack_social_post_already_shared":true,"jetpack_social_options":{"image_generator_settings":{"template":"highway","default_image_id":0,"font":"","enabled":false},"version":2}},"categories":[123],"tags":[302,174,204,700,164,701,200,198,119],"class_list":["post-2764","post","type-post","status-publish","format-standard","has-post-thumbnail","hentry","category-abe","tag-covid-19","tag-division-i","tag-division-ii","tag-juan-manuel-aguirre-langle","tag-liga-abe","tag-uach","tag-udlap","tag-upaep","tag-yair-olano"],"aioseo_notices":[],"jetpack_publicize_connections":[],"jetpack_featured_media_url":"https:\/\/i0.wp.com\/nbm.com.mx\/wp-content\/uploads\/2022\/01\/WhatsApp-Image-2022-01-17-at-6.47.05-PM.jpeg?fit=1280%2C853&ssl=1","jetpack_sharing_enabled":true,"_links":{"self":[{"href":"https:\/\/nbm.com.mx\/index.php\/wp-json\/wp\/v2\/posts\/2764","targetHints":{"allow":["GET"]}}],"collection":[{"href":"https:\/\/nbm.com.mx\/index.php\/wp-json\/wp\/v2\/posts"}],"about":[{"href":"https:\/\/nbm.com.mx\/index.php\/wp-json\/wp\/v2\/types\/post"}],"author":[{"embeddable":true,"href":"https:\/\/nbm.com.mx\/index.php\/wp-json\/wp\/v2\/users\/6"}],"replies":[{"embeddable":true,"href":"https:\/\/nbm.com.mx\/index.php\/wp-json\/wp\/v2\/comments?post=2764"}],"version-history":[{"count":2,"href":"https:\/\/nbm.com.mx\/index.php\/wp-json\/wp\/v2\/posts\/2764\/revisions"}],"predecessor-version":[{"id":2782,"href":"https:\/\/nbm.com.mx\/index.php\/wp-json\/wp\/v2\/posts\/2764\/revisions\/2782"}],"wp:featuredmedia":[{"embeddable":true,"href":"https:\/\/nbm.com.mx\/index.php\/wp-json\/wp\/v2\/media\/2766"}],"wp:attachment":[{"href":"https:\/\/nbm.com.mx\/index.php\/wp-json\/wp\/v2\/media?parent=2764"}],"wp:term":[{"taxonomy":"category","embeddable":true,"href":"https:\/\/nbm.com.mx\/index.php\/wp-json\/wp\/v2\/categories?post=2764"},{"taxonomy":"post_tag","embeddable":true,"href":"https:\/\/nbm.com.mx\/index.php\/wp-json\/wp\/v2\/tags?post=2764"}],"curies":[{"name":"wp","href":"https:\/\/api.w.org\/{rel}","templated":true}]}}