{"id":2526,"date":"2021-11-05T18:30:57","date_gmt":"2021-11-06T00:30:57","guid":{"rendered":"https:\/\/nbm.com.mx\/?p=2526"},"modified":"2021-11-05T18:31:01","modified_gmt":"2021-11-06T00:31:01","slug":"mi-filosofia-es-el-desarrollo-sebastian-sucarrat","status":"publish","type":"post","link":"https:\/\/nbm.com.mx\/index.php\/2021\/11\/05\/mi-filosofia-es-el-desarrollo-sebastian-sucarrat\/","title":{"rendered":"\u201cMi filosof\u00eda es el desarrollo\u201d Sebasti\u00e1n Sucarrat"},"content":{"rendered":"\n<p class=\"has-text-align-justify\">GenMex, en su versi\u00f3n invierno 2021, sigue trayendo calidad al staff t\u00e9cnico y esta edici\u00f3n tendr\u00e1 un talento internacional. Sebasti\u00e1n Sucarrat de los Le\u00f1adores de Durango en la LNBP formar\u00e1 parte de los estrategas que acompa\u00f1ar\u00e1n a los j\u00f3venes mexicanos en esta nueva traves\u00eda.\u00a0<\/p>\n\n\n\n<figure class=\"wp-block-image size-full\"><img data-recalc-dims=\"1\" loading=\"lazy\" decoding=\"async\" width=\"960\" height=\"640\" src=\"https:\/\/i0.wp.com\/nbm.com.mx\/wp-content\/uploads\/2021\/11\/zucarrat-2-1.jpg?resize=960%2C640&#038;ssl=1\" alt=\"\" class=\"wp-image-2528\" srcset=\"https:\/\/i0.wp.com\/nbm.com.mx\/wp-content\/uploads\/2021\/11\/zucarrat-2-1.jpg?w=960&amp;ssl=1 960w, https:\/\/i0.wp.com\/nbm.com.mx\/wp-content\/uploads\/2021\/11\/zucarrat-2-1.jpg?resize=300%2C200&amp;ssl=1 300w, https:\/\/i0.wp.com\/nbm.com.mx\/wp-content\/uploads\/2021\/11\/zucarrat-2-1.jpg?resize=768%2C512&amp;ssl=1 768w, https:\/\/i0.wp.com\/nbm.com.mx\/wp-content\/uploads\/2021\/11\/zucarrat-2-1.jpg?resize=128%2C85&amp;ssl=1 128w, https:\/\/i0.wp.com\/nbm.com.mx\/wp-content\/uploads\/2021\/11\/zucarrat-2-1.jpg?resize=32%2C21&amp;ssl=1 32w\" sizes=\"auto, (max-width: 960px) 100vw, 960px\" \/><\/figure>\n\n\n\n<p class=\"has-text-align-justify\">En entrevista exclusiva con NBM, el estratega argentino extern\u00f3 su filosof\u00eda de trabajo y lo que veremos de \u00e9l en GenMex.&nbsp;&nbsp;<\/p>\n\n\n\n<p class=\"has-text-align-justify\">\u201cMi filosof\u00eda como entrenador es a partir del desarrollo o de que el jugador sume experiencias, contenido, juegos, t\u00e9cnicas o t\u00e1cticas. Me encanta lo que es el desarrollo y trato de aplicar un poco lo que me gusta a m\u00ed que es el desarrollo. A m\u00ed me gusta tener jugadores j\u00f3venes que necesitan ese espacio para poder explotar en su carrera. \u201d, asever\u00f3 el head coach. En m\u00ed van a tener todo lo que necesiten, adem\u00e1s de la ense\u00f1anza del basquet. Para m\u00ed es honor estar en GenMex y ayudar a todos los j\u00f3venes\u201d, asever\u00f3.&nbsp;<\/p>\n\n\n\n<p>Entre los principales objetivos que tiene Sucarrat como entrenador es poder brindarle a los jugadores las herramientas necesarias para potenciar su talento a base de su ideolog\u00eda colectiva, aunado a una formaci\u00f3n integral.&nbsp;<\/p>\n\n\n\n<p class=\"has-text-align-justify\">\u201cTengo una ideolog\u00eda en el juego colectivo y todos los jugadores tienen que tratar hacer mejor a sus compa\u00f1eros. Los jugadores deben entender que para poder obtener cosas, es a trav\u00e9s de entrenamiento y de mejora, tambi\u00e9n de aprovechar las oportunidades. Primero lo que tenemos que hacer nosotros como imagen y como entrenadores es generarles h\u00e1bitos de entrenamiento y de vida, despu\u00e9s darles las herramientas que ellos necesitan a la hora de jugar\u201d, exclam\u00f3.&nbsp;<\/p>\n\n\n\n<p class=\"has-text-align-justify\">Sebasti\u00e1n se form\u00f3 como entrenador de categor\u00edas formativas, a la par de equipos profesionales de ambas ramas en Argentina. En el 2018 se traslad\u00f3 a los Le\u00f1adores de Durango con el t\u00e9cnico Jos\u00e9 Pidal; ante la salida de su compatriota en la temporada 2021, fue nombrado entrenador en jefe de los duranguenses, logrando acceder a los Playoffs y galardonarse como \u201cEntrenador en jefe\u201d de la Zona Este, por ello nos comparti\u00f3 su sentir de esta gran haza\u00f1a individual.&nbsp;<\/p>\n\n\n\n<p class=\"has-text-align-justify\">\u201cViv\u00ed muchos sentimientos, muchas emociones como debut. Uno como entrenador principal tiene responsabilidades importantes, a veces se siente bien con las decisiones que toma y a veces no pero creo que el balance es positivo\u201d, platic\u00f3 efusivo.&nbsp;<\/p>\n\n\n\n<p class=\"has-text-align-justify\">Durante la vigente temporada 2021 y pese a vencer en la primera ronda de Playoffs, Sebasti\u00e1n se ha distinguido por el voto de confianza a los j\u00f3venes mexicanos, siendo la plantilla con m\u00e1s aztecas en la Liga Mexicana Profesional. El entrenador comparti\u00f3 su sentir acerca de su trayecto esta campa\u00f1a:&nbsp;<\/p>\n\n\n\n<p class=\"has-text-align-justify\">\u201cEstoy muy feliz de poder haber transitado en esta liga, si fue corto pero para m\u00ed fue linda, muy pareja, muy emocionante y disfrute cada momento de esta Liga. Al margen de los m\u00e9ritos individuales, creo que generamos muchas cosas positivas\u201d, a\u00f1adi\u00f3.&nbsp;<\/p>\n\n\n\n<p class=\"has-text-align-justify\">Del 16 al 19 de diciembre, Sebasti\u00e1n Sucarrat con los dem\u00e1s grandes entrenadores que tendr\u00e1 GenMex en invierno, empezar\u00e1n con el trabajo junto con los campistas. Por \u00faltimo, el argentino expres\u00f3 unas \u00faltimas palabras de cara a su participaci\u00f3n en el campamento.&nbsp;<\/p>\n\n\n\n<p class=\"has-text-align-justify\">\u201cEstoy muy feliz que se hayan interesado en m\u00ed. Vi el \u00faltimo campamento y me gusta mucho lo que es el desarrollo de los j\u00f3venes. Me gusta transmitir conocimientos y herramientas para que ellos desarrollen en su juego, y vi que en GenMex se preocupan por eso, se preocupan que los jugadores adquieran y mejoren, generen h\u00e1bitos para su futuro\u201d, concluy\u00f3.<\/p>\n","protected":false},"excerpt":{"rendered":"<p>GenMex, en su versi\u00f3n invierno 2021, sigue trayendo calidad al staff t\u00e9cnico y esta edici\u00f3n tendr\u00e1 un talento internacional. Sebasti\u00e1n Sucarrat de los Le\u00f1adores de Durango.<\/p>\n","protected":false},"author":9,"featured_media":2527,"comment_status":"open","ping_status":"open","sticky":false,"template":"","format":"standard","meta":{"_monsterinsights_skip_tracking":false,"_monsterinsights_sitenote_active":false,"_monsterinsights_sitenote_note":"","_monsterinsights_sitenote_category":0,"_jetpack_memberships_contains_paid_content":false,"footnotes":"","jetpack_publicize_message":"","jetpack_publicize_feature_enabled":true,"jetpack_social_post_already_shared":true,"jetpack_social_options":{"image_generator_settings":{"template":"highway","default_image_id":0,"font":"","enabled":false},"version":2}},"categories":[147,593],"tags":[517,505,175,506],"class_list":["post-2526","post","type-post","status-publish","format-standard","has-post-thumbnail","hentry","category-juveniles","category-mas-baloncesto","tag-genmex","tag-lenadores-de-durango","tag-lnbp","tag-sebastian-sucarrat"],"aioseo_notices":[],"jetpack_publicize_connections":[],"jetpack_featured_media_url":"https:\/\/i0.wp.com\/nbm.com.mx\/wp-content\/uploads\/2021\/11\/zucarrat-2.jpg?fit=960%2C640&ssl=1","jetpack_sharing_enabled":true,"_links":{"self":[{"href":"https:\/\/nbm.com.mx\/index.php\/wp-json\/wp\/v2\/posts\/2526","targetHints":{"allow":["GET"]}}],"collection":[{"href":"https:\/\/nbm.com.mx\/index.php\/wp-json\/wp\/v2\/posts"}],"about":[{"href":"https:\/\/nbm.com.mx\/index.php\/wp-json\/wp\/v2\/types\/post"}],"author":[{"embeddable":true,"href":"https:\/\/nbm.com.mx\/index.php\/wp-json\/wp\/v2\/users\/9"}],"replies":[{"embeddable":true,"href":"https:\/\/nbm.com.mx\/index.php\/wp-json\/wp\/v2\/comments?post=2526"}],"version-history":[{"count":1,"href":"https:\/\/nbm.com.mx\/index.php\/wp-json\/wp\/v2\/posts\/2526\/revisions"}],"predecessor-version":[{"id":2529,"href":"https:\/\/nbm.com.mx\/index.php\/wp-json\/wp\/v2\/posts\/2526\/revisions\/2529"}],"wp:featuredmedia":[{"embeddable":true,"href":"https:\/\/nbm.com.mx\/index.php\/wp-json\/wp\/v2\/media\/2527"}],"wp:attachment":[{"href":"https:\/\/nbm.com.mx\/index.php\/wp-json\/wp\/v2\/media?parent=2526"}],"wp:term":[{"taxonomy":"category","embeddable":true,"href":"https:\/\/nbm.com.mx\/index.php\/wp-json\/wp\/v2\/categories?post=2526"},{"taxonomy":"post_tag","embeddable":true,"href":"https:\/\/nbm.com.mx\/index.php\/wp-json\/wp\/v2\/tags?post=2526"}],"curies":[{"name":"wp","href":"https:\/\/api.w.org\/{rel}","templated":true}]}}