{"id":2422,"date":"2021-10-18T20:43:43","date_gmt":"2021-10-19T01:43:43","guid":{"rendered":"https:\/\/nbm.com.mx\/?p=2422"},"modified":"2021-10-18T21:18:20","modified_gmt":"2021-10-19T02:18:20","slug":"refuerzo-costarricense-a-la-inter-de-puebla","status":"publish","type":"post","link":"https:\/\/nbm.com.mx\/index.php\/2021\/10\/18\/refuerzo-costarricense-a-la-inter-de-puebla\/","title":{"rendered":"Refuerzo costarricense a la Inter de Puebla"},"content":{"rendered":"\n<p class=\"has-text-align-justify\">El talento extranjero se sigue sumando a las instituciones mexicanas, como es el caso de Mar\u00eda Jos\u00e9 Vega, originaria de Costa Rica, quien ingres\u00f3 a la Universidad Interamericana de Puebla este a\u00f1o. La casa de estudios poblana lanz\u00f3 la convocatoria de la Copa Inter para reanudar actividades y ah\u00ed podr\u00edamos observar a su nuevo arsenal.&nbsp;<\/p>\n\n\n\n<figure class=\"wp-block-image size-large\"><img data-recalc-dims=\"1\" height=\"1024\" width=\"768\" decoding=\"async\" src=\"https:\/\/i0.wp.com\/nbm.com.mx\/wp-content\/uploads\/2021\/10\/IMG-20211008-WA0072.jpg?resize=768%2C1024&#038;ssl=1\" alt=\"\" class=\"wp-image-2423\"\/><figcaption>Foto: Especial<\/figcaption><\/figure>\n\n\n\n<p class=\"has-text-align-justify\">Mar\u00eda Jos\u00e9 Vega Vargas con 19 a\u00f1os y 1.77m fue cautivada por los Halcones e ingres\u00f3 a sus instalaciones para afianzar el plantel. Entre sus paso por el baloncesto, la tica particip\u00f3 en diversos Juegos Juveniles, logrando  un segundo lugar en el 2017 y un tercero en el 2018.&nbsp;<\/p>\n\n\n\n<p class=\"has-text-align-justify\">La nueva integrante del Inter ha sido preseleccionada nacional en dos ocasiones, en el 2018 con la U16 y en el 2019 con la U17. En el 2020 fue galardonada con la presea de plata con ARBA de primera divisi\u00f3n femenil en Costa Rica y en el 2021 la disput\u00f3 con Santo Domingo, llegando hasta Semifinales.&nbsp;<\/p>\n\n\n\n<p class=\"has-text-align-justify\">Despu\u00e9s de un largo receso, Inter de Puebla convoc\u00f3 a las dem\u00e1s universidades cercanas a unirse a su Copa, la cual est\u00e1 pactada del 4 al 7 de noviembre femenil y la varonil del 11 al 14 de noviembre.<\/p>\n","protected":false},"excerpt":{"rendered":"<p>El talento extranjero se sigue sumando a las instituciones mexicanas, como es el caso de Mar\u00eda Jos\u00e9 Vega, originaria de Costa Rica, quien ingres\u00f3 a la Universidad Interamericana de Puebla<\/p>\n","protected":false},"author":9,"featured_media":2423,"comment_status":"open","ping_status":"open","sticky":false,"template":"","format":"standard","meta":{"_monsterinsights_skip_tracking":false,"_monsterinsights_sitenote_active":false,"_monsterinsights_sitenote_note":"","_monsterinsights_sitenote_category":0,"_jetpack_memberships_contains_paid_content":false,"footnotes":"","jetpack_publicize_message":"","jetpack_publicize_feature_enabled":true,"jetpack_social_post_already_shared":true,"jetpack_social_options":{"image_generator_settings":{"template":"highway","default_image_id":0,"font":"","enabled":false},"version":2}},"categories":[123],"tags":[204,137,618,164,580],"class_list":["post-2422","post","type-post","status-publish","format-standard","has-post-thumbnail","hentry","category-abe","tag-division-ii","tag-femenil","tag-halcones","tag-liga-abe","tag-universidad-interamericana"],"aioseo_notices":[],"jetpack_publicize_connections":[],"jetpack_featured_media_url":"https:\/\/i0.wp.com\/nbm.com.mx\/wp-content\/uploads\/2021\/10\/IMG-20211008-WA0072-e1634609879204.jpg?fit=1170%2C1010&ssl=1","jetpack_sharing_enabled":true,"_links":{"self":[{"href":"https:\/\/nbm.com.mx\/index.php\/wp-json\/wp\/v2\/posts\/2422","targetHints":{"allow":["GET"]}}],"collection":[{"href":"https:\/\/nbm.com.mx\/index.php\/wp-json\/wp\/v2\/posts"}],"about":[{"href":"https:\/\/nbm.com.mx\/index.php\/wp-json\/wp\/v2\/types\/post"}],"author":[{"embeddable":true,"href":"https:\/\/nbm.com.mx\/index.php\/wp-json\/wp\/v2\/users\/9"}],"replies":[{"embeddable":true,"href":"https:\/\/nbm.com.mx\/index.php\/wp-json\/wp\/v2\/comments?post=2422"}],"version-history":[{"count":2,"href":"https:\/\/nbm.com.mx\/index.php\/wp-json\/wp\/v2\/posts\/2422\/revisions"}],"predecessor-version":[{"id":2425,"href":"https:\/\/nbm.com.mx\/index.php\/wp-json\/wp\/v2\/posts\/2422\/revisions\/2425"}],"wp:featuredmedia":[{"embeddable":true,"href":"https:\/\/nbm.com.mx\/index.php\/wp-json\/wp\/v2\/media\/2423"}],"wp:attachment":[{"href":"https:\/\/nbm.com.mx\/index.php\/wp-json\/wp\/v2\/media?parent=2422"}],"wp:term":[{"taxonomy":"category","embeddable":true,"href":"https:\/\/nbm.com.mx\/index.php\/wp-json\/wp\/v2\/categories?post=2422"},{"taxonomy":"post_tag","embeddable":true,"href":"https:\/\/nbm.com.mx\/index.php\/wp-json\/wp\/v2\/tags?post=2422"}],"curies":[{"name":"wp","href":"https:\/\/api.w.org\/{rel}","templated":true}]}}