{"id":2229,"date":"2021-09-21T00:14:43","date_gmt":"2021-09-21T05:14:43","guid":{"rendered":"https:\/\/nbm.com.mx\/?p=2229"},"modified":"2021-09-23T01:41:32","modified_gmt":"2021-09-23T06:41:32","slug":"gael-bonilla-se-quedara-con-el-barcelona","status":"publish","type":"post","link":"https:\/\/nbm.com.mx\/index.php\/2021\/09\/21\/gael-bonilla-se-quedara-con-el-barcelona\/","title":{"rendered":"Gael Bonilla se quedar\u00e1 con el Barcelona"},"content":{"rendered":"\n<p class=\"has-text-align-justify\">El seleccionado nacional, Gael Bonilla proseguir\u00e1 con el FC Barcelona, tras renovar su contrato y firmar con los catalanes por 2+2 a\u00f1os. Recientemente el mexicano vio minutos con el primer equipo en la pretemporada.&nbsp;<\/p>\n\n\n\n<figure class=\"wp-block-image size-large\"><img data-recalc-dims=\"1\" loading=\"lazy\" decoding=\"async\" width=\"822\" height=\"1024\" src=\"https:\/\/i0.wp.com\/nbm.com.mx\/wp-content\/uploads\/2021\/09\/E9xAFIYWEAUMLe3.jpeg?resize=822%2C1024&#038;ssl=1\" alt=\"\" class=\"wp-image-2230\" srcset=\"https:\/\/i0.wp.com\/nbm.com.mx\/wp-content\/uploads\/2021\/09\/E9xAFIYWEAUMLe3.jpeg?resize=822%2C1024&amp;ssl=1 822w, https:\/\/i0.wp.com\/nbm.com.mx\/wp-content\/uploads\/2021\/09\/E9xAFIYWEAUMLe3.jpeg?resize=241%2C300&amp;ssl=1 241w, https:\/\/i0.wp.com\/nbm.com.mx\/wp-content\/uploads\/2021\/09\/E9xAFIYWEAUMLe3.jpeg?resize=768%2C957&amp;ssl=1 768w, https:\/\/i0.wp.com\/nbm.com.mx\/wp-content\/uploads\/2021\/09\/E9xAFIYWEAUMLe3.jpeg?resize=1233%2C1536&amp;ssl=1 1233w, https:\/\/i0.wp.com\/nbm.com.mx\/wp-content\/uploads\/2021\/09\/E9xAFIYWEAUMLe3.jpeg?resize=103%2C128&amp;ssl=1 103w, https:\/\/i0.wp.com\/nbm.com.mx\/wp-content\/uploads\/2021\/09\/E9xAFIYWEAUMLe3.jpeg?resize=26%2C32&amp;ssl=1 26w, https:\/\/i0.wp.com\/nbm.com.mx\/wp-content\/uploads\/2021\/09\/E9xAFIYWEAUMLe3.jpeg?w=1440&amp;ssl=1 1440w\" sizes=\"auto, (max-width: 822px) 100vw, 822px\" \/><figcaption>Foto: Cortes\u00eda<\/figcaption><\/figure>\n\n\n\n<p class=\"has-text-align-justify\">Bonilla, junto con seis jugadores m\u00e1s del cuadro B, conformaron el primer equipo, durante su pretemporada. En su primer juego de preparaci\u00f3n, el azteca de 18 a\u00f1os anot\u00f3 dos puntos en dos minutos dentro del terreno de juego.&nbsp;<\/p>\n\n\n\n<p class=\"has-text-align-justify\">El oriundo de Ecatepec ha tenido varios triunfos importantes con las categor\u00edas juveniles del Bar\u00e7a, como el Campeonato en\u00a0 Catalu\u00f1a, Espa\u00f1a y subcampe\u00f3n de la Euroliga. Desde el 2016 migr\u00f3 al Canarias Basketball Academy y en el 2018 ingres\u00f3 con los cul\u00e9s.\u00a0<\/p>\n\n\n\n<p class=\"has-text-align-justify\">A pesar de su corta edad, Gael ya cuenta con diversos m\u00e9ritos. Como seleccionado nacional fue el MVP del Campeonato en el Centrobasket U17 y hace unos meses, nuevamente, fue convocado para la Selecci\u00f3n Mayor dirigida por Omar Quintero; por actividades con el Barcelona no pudo acudir al llamado.&nbsp;<\/p>\n","protected":false},"excerpt":{"rendered":"<p>El seleccionado nacional, Gael Bonilla proseguir\u00e1 con el FC Barcelona, tras renovar su contrato y firmar con los catalanes por 2+2 a\u00f1os<\/p>\n","protected":false},"author":9,"featured_media":2231,"comment_status":"open","ping_status":"open","sticky":false,"template":"","format":"standard","meta":{"_monsterinsights_skip_tracking":false,"_monsterinsights_sitenote_active":false,"_monsterinsights_sitenote_note":"","_monsterinsights_sitenote_category":0,"_jetpack_memberships_contains_paid_content":false,"footnotes":"","jetpack_publicize_message":"","jetpack_publicize_feature_enabled":true,"jetpack_social_post_already_shared":true,"jetpack_social_options":{"image_generator_settings":{"template":"highway","default_image_id":0,"font":"","enabled":false},"version":2}},"categories":[126],"tags":[169,587,167,139],"class_list":["post-2229","post","type-post","status-publish","format-standard","has-post-thumbnail","hentry","category-internacional","tag-barcelona-b","tag-fc-barcelona","tag-gael-bonilla","tag-seleccion-nacional"],"aioseo_notices":[],"jetpack_publicize_connections":[],"jetpack_featured_media_url":"https:\/\/i0.wp.com\/nbm.com.mx\/wp-content\/uploads\/2021\/09\/E9KhGVmXEAARTjN-e1632201210426.jpeg?fit=1080%2C621&ssl=1","jetpack_sharing_enabled":true,"_links":{"self":[{"href":"https:\/\/nbm.com.mx\/index.php\/wp-json\/wp\/v2\/posts\/2229","targetHints":{"allow":["GET"]}}],"collection":[{"href":"https:\/\/nbm.com.mx\/index.php\/wp-json\/wp\/v2\/posts"}],"about":[{"href":"https:\/\/nbm.com.mx\/index.php\/wp-json\/wp\/v2\/types\/post"}],"author":[{"embeddable":true,"href":"https:\/\/nbm.com.mx\/index.php\/wp-json\/wp\/v2\/users\/9"}],"replies":[{"embeddable":true,"href":"https:\/\/nbm.com.mx\/index.php\/wp-json\/wp\/v2\/comments?post=2229"}],"version-history":[{"count":2,"href":"https:\/\/nbm.com.mx\/index.php\/wp-json\/wp\/v2\/posts\/2229\/revisions"}],"predecessor-version":[{"id":2257,"href":"https:\/\/nbm.com.mx\/index.php\/wp-json\/wp\/v2\/posts\/2229\/revisions\/2257"}],"wp:featuredmedia":[{"embeddable":true,"href":"https:\/\/nbm.com.mx\/index.php\/wp-json\/wp\/v2\/media\/2231"}],"wp:attachment":[{"href":"https:\/\/nbm.com.mx\/index.php\/wp-json\/wp\/v2\/media?parent=2229"}],"wp:term":[{"taxonomy":"category","embeddable":true,"href":"https:\/\/nbm.com.mx\/index.php\/wp-json\/wp\/v2\/categories?post=2229"},{"taxonomy":"post_tag","embeddable":true,"href":"https:\/\/nbm.com.mx\/index.php\/wp-json\/wp\/v2\/tags?post=2229"}],"curies":[{"name":"wp","href":"https:\/\/api.w.org\/{rel}","templated":true}]}}