{"id":2224,"date":"2021-09-20T00:23:40","date_gmt":"2021-09-20T05:23:40","guid":{"rendered":"https:\/\/nbm.com.mx\/?p=2224"},"modified":"2021-09-20T00:31:32","modified_gmt":"2021-09-20T05:31:32","slug":"gustavo-ayon-debuto-con-victoria-en-puerto-rico","status":"publish","type":"post","link":"https:\/\/nbm.com.mx\/index.php\/2021\/09\/20\/gustavo-ayon-debuto-con-victoria-en-puerto-rico\/","title":{"rendered":"Gustavo Ay\u00f3n debut\u00f3 con victoria en Puerto Rico"},"content":{"rendered":"\n<p class=\"has-text-align-justify\">Gustavo Ay\u00f3n reforzar\u00e1 a los Capitanes de Arecibo del Baloncesto Superior Nacional (BSN) en Puerto Rico en lo que resta de la temporada. El \u201cTit\u00e1n\u201d entr\u00f3 de sustituci\u00f3n por Davon Jefferson y en su debut consigui\u00f3 la victoria ante Cariduros de Fajardo; aportando 4 puntos.\u00a0<\/p>\n\n\n\n<figure class=\"wp-block-image size-large\"><img data-recalc-dims=\"1\" loading=\"lazy\" decoding=\"async\" width=\"1000\" height=\"1000\" src=\"https:\/\/i0.wp.com\/nbm.com.mx\/wp-content\/uploads\/2021\/09\/E_sMjbrVIAE2ul9.jpeg?resize=1000%2C1000&#038;ssl=1\" alt=\"\" class=\"wp-image-2225\" srcset=\"https:\/\/i0.wp.com\/nbm.com.mx\/wp-content\/uploads\/2021\/09\/E_sMjbrVIAE2ul9.jpeg?resize=1024%2C1024&amp;ssl=1 1024w, https:\/\/i0.wp.com\/nbm.com.mx\/wp-content\/uploads\/2021\/09\/E_sMjbrVIAE2ul9.jpeg?resize=300%2C300&amp;ssl=1 300w, https:\/\/i0.wp.com\/nbm.com.mx\/wp-content\/uploads\/2021\/09\/E_sMjbrVIAE2ul9.jpeg?resize=150%2C150&amp;ssl=1 150w, https:\/\/i0.wp.com\/nbm.com.mx\/wp-content\/uploads\/2021\/09\/E_sMjbrVIAE2ul9.jpeg?resize=768%2C768&amp;ssl=1 768w, https:\/\/i0.wp.com\/nbm.com.mx\/wp-content\/uploads\/2021\/09\/E_sMjbrVIAE2ul9.jpeg?resize=80%2C80&amp;ssl=1 80w, https:\/\/i0.wp.com\/nbm.com.mx\/wp-content\/uploads\/2021\/09\/E_sMjbrVIAE2ul9.jpeg?resize=128%2C128&amp;ssl=1 128w, https:\/\/i0.wp.com\/nbm.com.mx\/wp-content\/uploads\/2021\/09\/E_sMjbrVIAE2ul9.jpeg?resize=32%2C32&amp;ssl=1 32w, https:\/\/i0.wp.com\/nbm.com.mx\/wp-content\/uploads\/2021\/09\/E_sMjbrVIAE2ul9.jpeg?w=1080&amp;ssl=1 1080w\" sizes=\"auto, (max-width: 1000px) 100vw, 1000px\" \/><figcaption>Foto: Cortes\u00eda<\/figcaption><\/figure>\n\n\n\n<p class=\"has-text-align-justify\">Los Capitanes hicieron oficial el fichaje del azteca y con poco tiempo de arribo, Gustavo enfrent\u00f3&nbsp;&nbsp;a los Cariduros de Fajardo en el Coliseo Manuel Petaca Iguina, consiguiendo la victoria de 93-86. El mexicano entr\u00f3 durante 16 minutos a la duela y contribuy\u00f3 con 4 unidades, 2 rebotes y 1 asistencia.&nbsp;<\/p>\n\n\n\n<p class=\"has-text-align-justify\">Recientemente Gustavo anunci\u00f3 que se retirar\u00eda de la Selecci\u00f3n Mexicana, una vez concluido el ciclo ol\u00edmpico. En la temporada 2020, Ay\u00f3n disput\u00f3&nbsp;&nbsp;la Liga Nacional de Baloncesto Profesional (LNBP) con los Astros de Jalisco.&nbsp;<\/p>\n\n\n\n<p class=\"has-text-align-justify\">El cuadro de Arecibo&nbsp;&nbsp;suma siete campeonatos en total, cuatro de ellos en la \u00faltima d\u00e9cada. La plantilla es encabezada por&nbsp;&nbsp;Walter Hodge, quien fue nombrado Jugador M\u00e1s Valioso de la Basketball Africa League, as\u00ed como tambi\u00e9n el alero David Huertas, quien tambi\u00e9n ha disputado la LNBP.&nbsp;<\/p>\n","protected":false},"excerpt":{"rendered":"<p>Gustavo Ay\u00f3n reforzar\u00e1 a los Capitanes de Arecibo del Baloncesto Superior Nacional en Puerto Rico, debutando y consiguiendo su primera victoria, aportando un par de puntos y rebotes<\/p>\n","protected":false},"author":9,"featured_media":2226,"comment_status":"open","ping_status":"open","sticky":false,"template":"","format":"standard","meta":{"_monsterinsights_skip_tracking":false,"_monsterinsights_sitenote_active":false,"_monsterinsights_sitenote_note":"","_monsterinsights_sitenote_category":0,"_jetpack_memberships_contains_paid_content":false,"footnotes":"","jetpack_publicize_message":"","jetpack_publicize_feature_enabled":true,"jetpack_social_post_already_shared":true,"jetpack_social_options":{"image_generator_settings":{"template":"highway","default_image_id":0,"font":"","enabled":false},"version":2}},"categories":[126],"tags":[412,586,179,393],"class_list":["post-2224","post","type-post","status-publish","format-standard","has-post-thumbnail","hentry","category-internacional","tag-bsn","tag-capitanes-de-arecibo","tag-gustavo-ayon","tag-seleccion-mexicana"],"aioseo_notices":[],"jetpack_publicize_connections":[],"jetpack_featured_media_url":"https:\/\/i0.wp.com\/nbm.com.mx\/wp-content\/uploads\/2021\/09\/E_rbihUXIAE7yBw-e1632115377753.jpeg?fit=824%2C573&ssl=1","jetpack_sharing_enabled":true,"_links":{"self":[{"href":"https:\/\/nbm.com.mx\/index.php\/wp-json\/wp\/v2\/posts\/2224","targetHints":{"allow":["GET"]}}],"collection":[{"href":"https:\/\/nbm.com.mx\/index.php\/wp-json\/wp\/v2\/posts"}],"about":[{"href":"https:\/\/nbm.com.mx\/index.php\/wp-json\/wp\/v2\/types\/post"}],"author":[{"embeddable":true,"href":"https:\/\/nbm.com.mx\/index.php\/wp-json\/wp\/v2\/users\/9"}],"replies":[{"embeddable":true,"href":"https:\/\/nbm.com.mx\/index.php\/wp-json\/wp\/v2\/comments?post=2224"}],"version-history":[{"count":2,"href":"https:\/\/nbm.com.mx\/index.php\/wp-json\/wp\/v2\/posts\/2224\/revisions"}],"predecessor-version":[{"id":2228,"href":"https:\/\/nbm.com.mx\/index.php\/wp-json\/wp\/v2\/posts\/2224\/revisions\/2228"}],"wp:featuredmedia":[{"embeddable":true,"href":"https:\/\/nbm.com.mx\/index.php\/wp-json\/wp\/v2\/media\/2226"}],"wp:attachment":[{"href":"https:\/\/nbm.com.mx\/index.php\/wp-json\/wp\/v2\/media?parent=2224"}],"wp:term":[{"taxonomy":"category","embeddable":true,"href":"https:\/\/nbm.com.mx\/index.php\/wp-json\/wp\/v2\/categories?post=2224"},{"taxonomy":"post_tag","embeddable":true,"href":"https:\/\/nbm.com.mx\/index.php\/wp-json\/wp\/v2\/tags?post=2224"}],"curies":[{"name":"wp","href":"https:\/\/api.w.org\/{rel}","templated":true}]}}