{"id":1872,"date":"2021-08-13T00:39:29","date_gmt":"2021-08-13T05:39:29","guid":{"rendered":"https:\/\/nbm.com.mx\/?p=1872"},"modified":"2021-08-13T00:39:38","modified_gmt":"2021-08-13T05:39:38","slug":"mexico-tendra-un-grupo-complicado-en-el-fiba-u16-americas-varonil","status":"publish","type":"post","link":"https:\/\/nbm.com.mx\/index.php\/2021\/08\/13\/mexico-tendra-un-grupo-complicado-en-el-fiba-u16-americas-varonil\/","title":{"rendered":"M\u00e9xico tendr\u00e1 un grupo complicado en el FIBA U16 Americas varonil"},"content":{"rendered":"\n<p class=\"has-text-align-justify\">En un par de d\u00edas comienza la actividad en el Gimnasio de la USBI en Xalapa y la selecci\u00f3n masculina se ubica en el Grupo A junto a Argentina, Canad\u00e1 y Brasil en la justa continental, por lo que del 23 al 25 de agosto, los chicos enfrentar\u00e1n una dura fase de grupos del siguiente modo:<\/p>\n\n\n\n<figure class=\"wp-block-image size-large\"><img data-recalc-dims=\"1\" loading=\"lazy\" decoding=\"async\" width=\"1000\" height=\"1000\" src=\"https:\/\/i0.wp.com\/nbm.com.mx\/wp-content\/uploads\/2021\/08\/E8ek2Q-XsAMPfca.jpeg?resize=1000%2C1000&#038;ssl=1\" alt=\"\" class=\"wp-image-1873\" srcset=\"https:\/\/i0.wp.com\/nbm.com.mx\/wp-content\/uploads\/2021\/08\/E8ek2Q-XsAMPfca.jpeg?resize=1024%2C1024&amp;ssl=1 1024w, https:\/\/i0.wp.com\/nbm.com.mx\/wp-content\/uploads\/2021\/08\/E8ek2Q-XsAMPfca.jpeg?resize=300%2C300&amp;ssl=1 300w, https:\/\/i0.wp.com\/nbm.com.mx\/wp-content\/uploads\/2021\/08\/E8ek2Q-XsAMPfca.jpeg?resize=150%2C150&amp;ssl=1 150w, https:\/\/i0.wp.com\/nbm.com.mx\/wp-content\/uploads\/2021\/08\/E8ek2Q-XsAMPfca.jpeg?resize=768%2C768&amp;ssl=1 768w, https:\/\/i0.wp.com\/nbm.com.mx\/wp-content\/uploads\/2021\/08\/E8ek2Q-XsAMPfca.jpeg?resize=80%2C80&amp;ssl=1 80w, https:\/\/i0.wp.com\/nbm.com.mx\/wp-content\/uploads\/2021\/08\/E8ek2Q-XsAMPfca.jpeg?resize=128%2C128&amp;ssl=1 128w, https:\/\/i0.wp.com\/nbm.com.mx\/wp-content\/uploads\/2021\/08\/E8ek2Q-XsAMPfca.jpeg?resize=32%2C32&amp;ssl=1 32w, https:\/\/i0.wp.com\/nbm.com.mx\/wp-content\/uploads\/2021\/08\/E8ek2Q-XsAMPfca.jpeg?w=1080&amp;ssl=1 1080w\" sizes=\"auto, (max-width: 1000px) 100vw, 1000px\" \/><figcaption>Foto: Cortes\u00eda ADEMEBA<\/figcaption><\/figure>\n\n\n\n<p><strong>23 de agosto &#8211; M\u00e9xico vs Brasil a las 20:30 horas<\/strong><\/p>\n\n\n\n<p><strong>24 de agosto &#8211; Canad\u00e1 vs M\u00e9xico a las 20:30 horas<\/strong><\/p>\n\n\n\n<p><strong>25 de agosto &#8211; M\u00e9xico vs Argentina a las 20:30 horas<\/strong><\/p>\n\n\n\n<p>26 de agosto &#8211; D\u00eda de descanso.&nbsp;<\/p>\n\n\n\n<p>El grupo B est\u00e1 conformado por Puerto Rico, Chile, Estados Unidos y Rep\u00fablica Dominicana.<\/p>\n\n\n\n<p class=\"has-text-align-justify\">Al d\u00eda siguiente se disputar\u00e1n los cuartos de final, calificando las 8 naciones participantes, pero s\u00f3lo 4 de ellas podr\u00e1n obtener un boleto al Mundial U17 de 2022 en La Nucia, Espa\u00f1a. Los enfrentamientos son:<\/p>\n\n\n\n<p>1\u00b0A \u2013 4\u00b0B<\/p>\n\n\n\n<p>2\u00b0A \u2013 3\u00b0B<\/p>\n\n\n\n<p>2\u00b0B \u2013 3\u00b0A<\/p>\n\n\n\n<p>1\u00b0B \u2013 4\u00b0A<\/p>\n\n\n\n<p class=\"has-text-align-justify\">Las semifinales cierran la actividad del d\u00eda 28, no sin antes, jugar la reclasificaci\u00f3n del 5\u00b0 a 8\u00b0 entre las selecciones sin boleto (Puntos para el ranking).<\/p>\n\n\n\n<p class=\"has-text-align-justify\">El d\u00eda 29 se abrir\u00e1 la clasificaci\u00f3n de 7\u00b0 y 5\u00b0, para finalizar con el enfrentamiento por el tercer sitio y concluir con la pelea por el campeonato de Am\u00e9rica.<\/p>\n\n\n\n<p class=\"has-text-align-justify\">De tal forma, los partidos de ambas selecciones est\u00e1n empalmados y ser\u00e1 hasta los cuartos de final que posiblemente veamos a las selecciones en distintos horarios de juego. Las transmisiones ser\u00e1n por el canal de Youtube de FIBA con retransmisiones en AYM y redes de Ademeba.<\/p>\n","protected":false},"excerpt":{"rendered":"<p>En un par de d\u00edas comienza la actividad en el Gimnasio de la USBI en Xalapa y la selecci\u00f3n masculina se ubica en el Grupo A junto a Argentina, Canad\u00e1 y Brasil en la justa continental<\/p>\n","protected":false},"author":6,"featured_media":1873,"comment_status":"open","ping_status":"open","sticky":false,"template":"","format":"standard","meta":{"_monsterinsights_skip_tracking":false,"_monsterinsights_sitenote_active":false,"_monsterinsights_sitenote_note":"","_monsterinsights_sitenote_category":0,"_jetpack_memberships_contains_paid_content":false,"footnotes":"","jetpack_publicize_message":"","jetpack_publicize_feature_enabled":true,"jetpack_social_post_already_shared":true,"jetpack_social_options":{"image_generator_settings":{"template":"highway","default_image_id":0,"font":"","enabled":false},"version":2}},"categories":[126],"tags":[232,352,139,496,211,527],"class_list":["post-1872","post","type-post","status-publish","format-standard","has-post-thumbnail","hentry","category-internacional","tag-fiba","tag-fiba-americas-2","tag-seleccion-nacional","tag-u16","tag-varonil","tag-xalapa"],"aioseo_notices":[],"jetpack_publicize_connections":[],"jetpack_featured_media_url":"https:\/\/i0.wp.com\/nbm.com.mx\/wp-content\/uploads\/2021\/08\/E8ek2Q-XsAMPfca.jpeg?fit=1080%2C1080&ssl=1","jetpack_sharing_enabled":true,"_links":{"self":[{"href":"https:\/\/nbm.com.mx\/index.php\/wp-json\/wp\/v2\/posts\/1872","targetHints":{"allow":["GET"]}}],"collection":[{"href":"https:\/\/nbm.com.mx\/index.php\/wp-json\/wp\/v2\/posts"}],"about":[{"href":"https:\/\/nbm.com.mx\/index.php\/wp-json\/wp\/v2\/types\/post"}],"author":[{"embeddable":true,"href":"https:\/\/nbm.com.mx\/index.php\/wp-json\/wp\/v2\/users\/6"}],"replies":[{"embeddable":true,"href":"https:\/\/nbm.com.mx\/index.php\/wp-json\/wp\/v2\/comments?post=1872"}],"version-history":[{"count":1,"href":"https:\/\/nbm.com.mx\/index.php\/wp-json\/wp\/v2\/posts\/1872\/revisions"}],"predecessor-version":[{"id":1874,"href":"https:\/\/nbm.com.mx\/index.php\/wp-json\/wp\/v2\/posts\/1872\/revisions\/1874"}],"wp:featuredmedia":[{"embeddable":true,"href":"https:\/\/nbm.com.mx\/index.php\/wp-json\/wp\/v2\/media\/1873"}],"wp:attachment":[{"href":"https:\/\/nbm.com.mx\/index.php\/wp-json\/wp\/v2\/media?parent=1872"}],"wp:term":[{"taxonomy":"category","embeddable":true,"href":"https:\/\/nbm.com.mx\/index.php\/wp-json\/wp\/v2\/categories?post=1872"},{"taxonomy":"post_tag","embeddable":true,"href":"https:\/\/nbm.com.mx\/index.php\/wp-json\/wp\/v2\/tags?post=1872"}],"curies":[{"name":"wp","href":"https:\/\/api.w.org\/{rel}","templated":true}]}}