{"id":1692,"date":"2021-07-07T23:46:11","date_gmt":"2021-07-08T04:46:11","guid":{"rendered":"https:\/\/nbm.com.mx\/?p=1692"},"modified":"2021-07-07T23:46:50","modified_gmt":"2021-07-08T04:46:50","slug":"eduardo-espejel-jugara-en-espana-con-el-junior-del-san-antonio-caceres","status":"publish","type":"post","link":"https:\/\/nbm.com.mx\/index.php\/2021\/07\/07\/eduardo-espejel-jugara-en-espana-con-el-junior-del-san-antonio-caceres\/","title":{"rendered":"Eduardo Espejel jugar\u00e1 en Espa\u00f1a con el Junior del San Antonio C\u00e1ceres"},"content":{"rendered":"\n<p class=\"has-text-align-justify\">Eduardo Espejel Daza, campe\u00f3n del Torneo Nacional U17 de ADEMEBA con Guerrero, jugar\u00e1 en Espa\u00f1a con el equipo junior (17-18 a\u00f1os) del San Antonio C\u00e1ceres Basket, equipo cantera y residencia educativa del C\u00e1ceres Ciudad del Baloncesto, que compite en LEB Oro (Segunda divisi\u00f3n) y Liga EBA (Cuarta divisi\u00f3n).<\/p>\n\n\n\n<figure class=\"wp-block-image size-large\"><img data-recalc-dims=\"1\" loading=\"lazy\" decoding=\"async\" width=\"1000\" height=\"563\" src=\"https:\/\/i0.wp.com\/nbm.com.mx\/wp-content\/uploads\/2021\/07\/WhatsApp-Image-2021-07-07-at-10.30.40-AM.jpeg?resize=1000%2C563&#038;ssl=1\" alt=\"\" class=\"wp-image-1693\" srcset=\"https:\/\/i0.wp.com\/nbm.com.mx\/wp-content\/uploads\/2021\/07\/WhatsApp-Image-2021-07-07-at-10.30.40-AM.jpeg?resize=1024%2C576&amp;ssl=1 1024w, https:\/\/i0.wp.com\/nbm.com.mx\/wp-content\/uploads\/2021\/07\/WhatsApp-Image-2021-07-07-at-10.30.40-AM.jpeg?resize=300%2C169&amp;ssl=1 300w, https:\/\/i0.wp.com\/nbm.com.mx\/wp-content\/uploads\/2021\/07\/WhatsApp-Image-2021-07-07-at-10.30.40-AM.jpeg?resize=768%2C432&amp;ssl=1 768w, https:\/\/i0.wp.com\/nbm.com.mx\/wp-content\/uploads\/2021\/07\/WhatsApp-Image-2021-07-07-at-10.30.40-AM.jpeg?resize=128%2C72&amp;ssl=1 128w, https:\/\/i0.wp.com\/nbm.com.mx\/wp-content\/uploads\/2021\/07\/WhatsApp-Image-2021-07-07-at-10.30.40-AM.jpeg?resize=32%2C18&amp;ssl=1 32w, https:\/\/i0.wp.com\/nbm.com.mx\/wp-content\/uploads\/2021\/07\/WhatsApp-Image-2021-07-07-at-10.30.40-AM.jpeg?w=1280&amp;ssl=1 1280w\" sizes=\"auto, (max-width: 1000px) 100vw, 1000px\" \/><figcaption>Foto: Especial<\/figcaption><\/figure>\n\n\n\n<p>As\u00ed lo inform\u00f3 la cuenta de Twitter&nbsp;Residencia Deportistas San Antonio C\u00e1ceres Basket:<\/p>\n\n\n\n<figure class=\"wp-block-embed is-type-rich is-provider-twitter wp-block-embed-twitter\"><div class=\"wp-block-embed__wrapper\">\n<blockquote class=\"twitter-tweet\" data-width=\"550\" data-dnt=\"true\"><p lang=\"es\" dir=\"ltr\">El p\u00edvot mexicano Eduardo Espejel, Estudiante de Nuestra Residencia y Deportista para nuestro Junior de la pr\u00f3xima temporada. <a href=\"https:\/\/twitter.com\/hashtag\/Cantera?src=hash&amp;ref_src=twsrc%5Etfw\">#Cantera<\/a> <a href=\"https:\/\/twitter.com\/Caceres_Basket?ref_src=twsrc%5Etfw\">@Caceres_Basket<\/a> <a href=\"https:\/\/t.co\/HYzsppO0vi\">pic.twitter.com\/HYzsppO0vi<\/a><\/p>&mdash; Residencia Deportistas San Antonio C\u00e1ceres Basket (@ResidenciaSACC) <a href=\"https:\/\/twitter.com\/ResidenciaSACC\/status\/1412035138767134723?ref_src=twsrc%5Etfw\">July 5, 2021<\/a><\/blockquote><script async src=\"https:\/\/platform.twitter.com\/widgets.js\" charset=\"utf-8\"><\/script>\n<\/div><\/figure>\n\n\n\n<p class=\"has-text-align-justify\">Su estancia en Espa\u00f1a es inicialmente por un a\u00f1o, en el que estudiar\u00e1 su \u00faltimo a\u00f1o de preparatoria y buscar\u00e1 su juego como p\u00edvot para llamar la atenci\u00f3n de ojeadores y buscar mejores oportunidades, ya sea en alguna universidad estadounidense, europea o en alg\u00fan equipo del viejo continente.<\/p>\n\n\n\n<p class=\"has-text-align-justify\">El nacido en Chilpancingo ya demostr\u00f3 su talento en tierras ib\u00e9ricas, pues en 2018, representando a la selecci\u00f3n U14 de la Liga Nacional de Clubes Amateur (LNCA), jug\u00f3 la U14 Global Elite Experience, celebrada en Calella, y conquist\u00f3 el primer lugar al vencer al Real Madrid por un marcador aplastante de 108-72. En ese partido Espejel anot\u00f3 25 puntos.<\/p>\n\n\n\n<p><strong>Siempre buscando el lugar correcto para mejorar<\/strong><\/p>\n\n\n\n<p class=\"has-text-align-justify\">No es la primera vez que Eduardo hace las maletas para jugar lejos de casa. En 2018 estuvo becado en el Centro de Alto Rendimiento Ni\u00f1os H\u00e9roes (CARE), lo que le permiti\u00f3 reforzar a Nuevo Le\u00f3n en la Olimpiada Nacional 2019 en las modalidades de 5&#215;5 y 3&#215;3, competencias en las que gan\u00f3 la medalla de oro.<\/p>\n\n\n\n<p class=\"has-text-align-justify\">Sus buenas actuaciones llamaron la atenci\u00f3n de la Universidad Madero de Puebla (UMAD), que le ofreci\u00f3 una beca y con quienes qued\u00f3 subcampe\u00f3n del Campeonato Nacional de Basquetbol Juvenil B de la CONADEIP, al perder la final contra los Borregos CEM por un marcador de 61-58.<\/p>\n\n\n\n<p class=\"has-text-align-justify\">En julio del 2020 estuvo cerca de dar el salto al basquetbol preparatoriano estadounidense con la San Ysidro High School (San Diego), que ten\u00eda en sus filas a Mikey Williams, por aquel momento rankeado tercero en el 2023 ESPN 60.<\/p>\n\n\n\n<p class=\"has-text-align-justify\">El \u00faltimo logro en su palmar\u00e9s es el Campeonato Nacional U17 de ADEMEBA, que gan\u00f3 representado a Guerrero bajo las \u00f3rdenes de los entrenadores Asberto Ocampo Calixto y Martin Espejel. En ese torneo terminaron invictos y en la final se midieron a Baja California, a los que vencieron 101-80.<\/p>\n","protected":false},"excerpt":{"rendered":"<p>Eduardo Espejel, campe\u00f3n del Nacional U17 de Ademeba y militante de la UMAD, jugar\u00e1 en Espa\u00f1a con el equipo junior del San Antonio C\u00e1ceres Basket, equipo cantera y residencia educativa del C\u00e1ceres Ciudad del Baloncesto<\/p>\n","protected":false},"author":10,"featured_media":1693,"comment_status":"open","ping_status":"open","sticky":false,"template":"","format":"standard","meta":{"_monsterinsights_skip_tracking":false,"_monsterinsights_sitenote_active":false,"_monsterinsights_sitenote_note":"","_monsterinsights_sitenote_category":0,"_jetpack_memberships_contains_paid_content":false,"footnotes":"","jetpack_publicize_message":"","jetpack_publicize_feature_enabled":true,"jetpack_social_post_already_shared":true,"jetpack_social_options":{"image_generator_settings":{"template":"highway","default_image_id":0,"font":"","enabled":false},"version":2}},"categories":[147],"tags":[142,279,512,417,482,258,513],"class_list":["post-1692","post","type-post","status-publish","format-standard","has-post-thumbnail","hentry","category-juveniles","tag-ademeba","tag-conadeip","tag-eduardo-espejel","tag-leb-oro","tag-nacional-u17","tag-umad","tag-universidad-madero"],"aioseo_notices":[],"jetpack_publicize_connections":[],"jetpack_featured_media_url":"https:\/\/i0.wp.com\/nbm.com.mx\/wp-content\/uploads\/2021\/07\/WhatsApp-Image-2021-07-07-at-10.30.40-AM.jpeg?fit=1280%2C720&ssl=1","jetpack_sharing_enabled":true,"_links":{"self":[{"href":"https:\/\/nbm.com.mx\/index.php\/wp-json\/wp\/v2\/posts\/1692","targetHints":{"allow":["GET"]}}],"collection":[{"href":"https:\/\/nbm.com.mx\/index.php\/wp-json\/wp\/v2\/posts"}],"about":[{"href":"https:\/\/nbm.com.mx\/index.php\/wp-json\/wp\/v2\/types\/post"}],"author":[{"embeddable":true,"href":"https:\/\/nbm.com.mx\/index.php\/wp-json\/wp\/v2\/users\/10"}],"replies":[{"embeddable":true,"href":"https:\/\/nbm.com.mx\/index.php\/wp-json\/wp\/v2\/comments?post=1692"}],"version-history":[{"count":2,"href":"https:\/\/nbm.com.mx\/index.php\/wp-json\/wp\/v2\/posts\/1692\/revisions"}],"predecessor-version":[{"id":1695,"href":"https:\/\/nbm.com.mx\/index.php\/wp-json\/wp\/v2\/posts\/1692\/revisions\/1695"}],"wp:featuredmedia":[{"embeddable":true,"href":"https:\/\/nbm.com.mx\/index.php\/wp-json\/wp\/v2\/media\/1693"}],"wp:attachment":[{"href":"https:\/\/nbm.com.mx\/index.php\/wp-json\/wp\/v2\/media?parent=1692"}],"wp:term":[{"taxonomy":"category","embeddable":true,"href":"https:\/\/nbm.com.mx\/index.php\/wp-json\/wp\/v2\/categories?post=1692"},{"taxonomy":"post_tag","embeddable":true,"href":"https:\/\/nbm.com.mx\/index.php\/wp-json\/wp\/v2\/tags?post=1692"}],"curies":[{"name":"wp","href":"https:\/\/api.w.org\/{rel}","templated":true}]}}