{"id":1586,"date":"2021-06-30T20:58:20","date_gmt":"2021-07-01T01:58:20","guid":{"rendered":"https:\/\/nbm.com.mx\/?p=1586"},"modified":"2021-06-30T20:58:25","modified_gmt":"2021-07-01T01:58:25","slug":"gael-bonilla-se-corono-en-el-campeonato-nacional-junior-de-espana","status":"publish","type":"post","link":"https:\/\/nbm.com.mx\/index.php\/2021\/06\/30\/gael-bonilla-se-corono-en-el-campeonato-nacional-junior-de-espana\/","title":{"rendered":"Gael Bonilla se coron\u00f3 en el Campeonato Nacional Junior de Espa\u00f1a"},"content":{"rendered":"\n<p class=\"has-text-align-justify\">El joven mexicano, Gael Bonilla se coron\u00f3 en el Campeonato Nacional Junior de Espa\u00f1a, portando la indumentaria de Barcelona, sobre el Real Madrid con un dominante marcador de 102-63. Poniendo en alto la bandera tricolor, el originario de Ecatepec volvi\u00f3 a levantar un t\u00edtulo en el viejo continente y ahora, sepult\u00f3 una destacada actuaci\u00f3n, tras sumar 18 puntos.\u00a0<\/p>\n\n\n\n<figure class=\"wp-block-image size-large\"><img data-recalc-dims=\"1\" loading=\"lazy\" decoding=\"async\" width=\"1000\" height=\"666\" src=\"https:\/\/i0.wp.com\/nbm.com.mx\/wp-content\/uploads\/2021\/06\/WhatsApp-Image-2021-06-30-at-1.46.26-PM.jpeg?resize=1000%2C666&#038;ssl=1\" alt=\"\" class=\"wp-image-1588\" srcset=\"https:\/\/i0.wp.com\/nbm.com.mx\/wp-content\/uploads\/2021\/06\/WhatsApp-Image-2021-06-30-at-1.46.26-PM.jpeg?resize=1024%2C682&amp;ssl=1 1024w, https:\/\/i0.wp.com\/nbm.com.mx\/wp-content\/uploads\/2021\/06\/WhatsApp-Image-2021-06-30-at-1.46.26-PM.jpeg?resize=300%2C200&amp;ssl=1 300w, https:\/\/i0.wp.com\/nbm.com.mx\/wp-content\/uploads\/2021\/06\/WhatsApp-Image-2021-06-30-at-1.46.26-PM.jpeg?resize=768%2C511&amp;ssl=1 768w, https:\/\/i0.wp.com\/nbm.com.mx\/wp-content\/uploads\/2021\/06\/WhatsApp-Image-2021-06-30-at-1.46.26-PM.jpeg?resize=128%2C85&amp;ssl=1 128w, https:\/\/i0.wp.com\/nbm.com.mx\/wp-content\/uploads\/2021\/06\/WhatsApp-Image-2021-06-30-at-1.46.26-PM.jpeg?resize=32%2C21&amp;ssl=1 32w, https:\/\/i0.wp.com\/nbm.com.mx\/wp-content\/uploads\/2021\/06\/WhatsApp-Image-2021-06-30-at-1.46.26-PM.jpeg?w=1080&amp;ssl=1 1080w\" sizes=\"auto, (max-width: 1000px) 100vw, 1000px\" \/><figcaption>Foto: Cortes\u00eda<\/figcaption><\/figure>\n\n\n\n<p class=\"has-text-align-justify\">Sin importar la anterior derrota en la Final de la Euroliga en tiempo extra, los catalanes enfrentaron a los del Madrid, para proporcionar una contundente victoria. Con sede en Granada, los catalanes, desde el comienzo de la justa final, demostraron su amplio dominio, dejando una amplia ventaja desde el tercer periodo.&nbsp;<\/p>\n\n\n\n<p class=\"has-text-align-justify\">Bonilla termin\u00f3 una gloriosa exhibici\u00f3n de 18 puntos,5 rebotes, 5 asistencias, 2 tapones en 28:10 minutos duela, teniendo como resultado una valoraci\u00f3n de 23. Adem\u00e1s, el juego defensivo del mexicano fue de destacar, tras parar a la figura madridista, Dusan Voukcevic, quien \u00fanicamente pudo anotar 5 de 15 tiros al aro.&nbsp;<\/p>\n\n\n\n<p class=\"has-text-align-justify\">Desde el 2016, Barcelona no se coronaba en dicho certamen, por lo que la victoria lleg\u00f3 en el momento indicado. De igual manera, el campeonato represent\u00f3 un emblem\u00e1tico significado para el originario de Ecatepec, ya que fue su \u00faltimo cotejo como jugador juvenil.&nbsp;<\/p>\n","protected":false},"excerpt":{"rendered":"<p>El joven mexicano, Gael Bonilla se coron\u00f3 en el Campeonato Nacional Junior de Espa\u00f1a, portando la indumentaria de Barcelona, sobre el Real Madrid con un dominante marcador de 102-63<\/p>\n","protected":false},"author":9,"featured_media":1588,"comment_status":"open","ping_status":"open","sticky":false,"template":"","format":"standard","meta":{"_monsterinsights_skip_tracking":false,"_monsterinsights_sitenote_active":false,"_monsterinsights_sitenote_note":"","_monsterinsights_sitenote_category":0,"_jetpack_memberships_contains_paid_content":false,"footnotes":"","jetpack_publicize_message":"","jetpack_publicize_feature_enabled":true,"jetpack_social_post_already_shared":true,"jetpack_social_options":{"image_generator_settings":{"template":"highway","default_image_id":0,"font":"","enabled":false},"version":2}},"categories":[126],"tags":[169,167,139],"class_list":["post-1586","post","type-post","status-publish","format-standard","has-post-thumbnail","hentry","category-internacional","tag-barcelona-b","tag-gael-bonilla","tag-seleccion-nacional"],"aioseo_notices":[],"jetpack_publicize_connections":[],"jetpack_featured_media_url":"https:\/\/i0.wp.com\/nbm.com.mx\/wp-content\/uploads\/2021\/06\/WhatsApp-Image-2021-06-30-at-1.46.26-PM.jpeg?fit=1080%2C719&ssl=1","jetpack_sharing_enabled":true,"_links":{"self":[{"href":"https:\/\/nbm.com.mx\/index.php\/wp-json\/wp\/v2\/posts\/1586","targetHints":{"allow":["GET"]}}],"collection":[{"href":"https:\/\/nbm.com.mx\/index.php\/wp-json\/wp\/v2\/posts"}],"about":[{"href":"https:\/\/nbm.com.mx\/index.php\/wp-json\/wp\/v2\/types\/post"}],"author":[{"embeddable":true,"href":"https:\/\/nbm.com.mx\/index.php\/wp-json\/wp\/v2\/users\/9"}],"replies":[{"embeddable":true,"href":"https:\/\/nbm.com.mx\/index.php\/wp-json\/wp\/v2\/comments?post=1586"}],"version-history":[{"count":1,"href":"https:\/\/nbm.com.mx\/index.php\/wp-json\/wp\/v2\/posts\/1586\/revisions"}],"predecessor-version":[{"id":1589,"href":"https:\/\/nbm.com.mx\/index.php\/wp-json\/wp\/v2\/posts\/1586\/revisions\/1589"}],"wp:featuredmedia":[{"embeddable":true,"href":"https:\/\/nbm.com.mx\/index.php\/wp-json\/wp\/v2\/media\/1588"}],"wp:attachment":[{"href":"https:\/\/nbm.com.mx\/index.php\/wp-json\/wp\/v2\/media?parent=1586"}],"wp:term":[{"taxonomy":"category","embeddable":true,"href":"https:\/\/nbm.com.mx\/index.php\/wp-json\/wp\/v2\/categories?post=1586"},{"taxonomy":"post_tag","embeddable":true,"href":"https:\/\/nbm.com.mx\/index.php\/wp-json\/wp\/v2\/tags?post=1586"}],"curies":[{"name":"wp","href":"https:\/\/api.w.org\/{rel}","templated":true}]}}