{"id":10538,"date":"2025-02-17T10:25:56","date_gmt":"2025-02-17T16:25:56","guid":{"rendered":"https:\/\/nbm.com.mx\/?p=10538"},"modified":"2025-02-17T10:25:57","modified_gmt":"2025-02-17T16:25:57","slug":"carin-leon-patrocinara-a-la-seleccion-mexicana-de-basquetbol","status":"publish","type":"post","link":"https:\/\/nbm.com.mx\/index.php\/2025\/02\/17\/carin-leon-patrocinara-a-la-seleccion-mexicana-de-basquetbol\/","title":{"rendered":"Car\u00edn Le\u00f3n patrocinar\u00e1 a la Selecci\u00f3n Mexicana de B\u00e1squetbol"},"content":{"rendered":"\n<p>A trav\u00e9s de un comunicado de prensa, <strong>ADEMEBA<\/strong> confirm\u00f3 una<strong> nueva alianza <\/strong>con el cantante de m\u00fasica regional mexicana, <strong>Car\u00edn Le\u00f3n<\/strong>, cuya marca vestir\u00e1 a todas las selecciones nacionales de basquetbol desde la pr\u00f3xima y \u00faltima ventana de calificaci\u00f3n rumbo a la AmeriCup 2025.<\/p>\n\n\n\n<p>Car\u00edn Le\u00f3n es nacido en Hermosillo, <strong>Sonora<\/strong>, y ha cosechado una <strong>prol\u00edfica carrera musical<\/strong> desde su debut en 2018, incursionando en el<strong> mundo textil<\/strong> desde 2023, con una l\u00ednea de jerseys en colaboraci\u00f3n con los Naranjeros de Hermosillo de la Liga Mexicana del Pac\u00edfico (LMP) y con el hito de su l\u00ednea de sombreros estilo \u00ab<strong>texana<\/strong>\u00bb aliado con una empresa fabricante con base en San Francisco Del Rinc\u00f3n, Guanajuato desde 1997, con la ic\u00f3nica<strong> imagen del le\u00f3n con sombrero<\/strong> del disco <em>Colmillo de Leche<\/em>.<\/p>\n\n\n\n<p>Car\u00edn es uno de los artistas mexicanos m\u00e1s escuchados en Spotify con m\u00e1s de 30 millones de oyentes mensuales y reciente ganador al <strong>Grammy<\/strong> por Mejor \u00c1lbum de M\u00fasica Mexicana por <strong>Boca Chueca Vol. 1<\/strong>.<\/p>\n\n\n\n<script async=\"\" src=\"https:\/\/pagead2.googlesyndication.com\/pagead\/js\/adsbygoogle.js?client=ca-pub-2648532975888472\" crossorigin=\"anonymous\"><\/script>\n<ins class=\"adsbygoogle\" style=\"display:block; text-align:center;\" data-ad-layout=\"in-article\" data-ad-format=\"fluid\" data-ad-client=\"ca-pub-2648532975888472\" data-ad-slot=\"1648043454\"><\/ins>\n<script>\n     (adsbygoogle = window.adsbygoogle || []).push({});\n<\/script>\n\n\n\n<h4 class=\"wp-block-heading has-text-align-center\"><a href=\"https:\/\/nbm.com.mx\/index.php\/2025\/01\/14\/boletos-mexico-vs-canada-precios-y-como-comprarlos\/\" target=\"_blank\" rel=\"noreferrer noopener\">Te puede interesar: Boletos M\u00e9xico vs Canad\u00e1: Precios y c\u00f3mo comprarlos<\/a><\/h4>\n\n\n\n<p>El sonorense se encargar\u00e1 de vestir a la delegaci\u00f3n azteca, con indumentaria de primer nivel que incluir\u00e1 los <strong>uniformes de juego<\/strong>, ropa de entrenamiento, <strong>concentraciones<\/strong> y ropa de viaje, de acuerdo al comunicado desplegado. El cantante expres\u00f3: \u201c<em>Siempre he sido una persona que me gusta mucho el deporte as\u00ed que <strong>apoyar al equipo que representa a todo M\u00e9xico me hace muy feliz<\/strong>, les deseo mucho \u00e9xito y a ganar<\/em>\u201d.<\/p>\n\n\n\n<p>Sobre esta uni\u00f3n, el coach Omar Quintero subray\u00f3 la importancia que tiene: \u201c<em>Estamos muy emocionados de contar con el respaldo de Car\u00edn Le\u00f3n, una figura de gran impacto en la m\u00fasica y ahora en el mundo del deporte. Su<strong> apuesta y confianza en el basquetbol demuestra su pasi\u00f3n por deporte r\u00e1faga<\/strong>, adem\u00e1s de dejar claro la importancia de unir la cultura con el deporte<\/em>\u201d.<\/p>\n\n\n\n<p>El debut del primer jersey bajo esta nueva alianza, lo podremos ver el<strong> pr\u00f3ximo 21 y 24 de febrero<\/strong>, cuando M\u00e9xico se mida ante <strong>Nicaragua<\/strong> y <strong>Canad\u00e1<\/strong> en San Luis Potos\u00ed, buscando su boleto al torneo continental que se jugar\u00e1 en el mes de agosto en Managua, Nicaragua.<br><br>M\u00e1s adelante se dar\u00e1n a conocer detalles sobre los puntos de venta de la nueva l\u00ednea de ropa de la selecci\u00f3n mexicana bajo el patrocinio de Car\u00edn Le\u00f3n.<\/p>\n\n\n\n<p>Esta no es la primera ocasi\u00f3n que un m\u00fasico patrocina a una selecci\u00f3n de basquetbol, pues en 2023 <strong>J Balvin<\/strong> y<strong> DJ Pope<\/strong> patrocinaron a la selecci\u00f3n colombiana, en partidos clasificatorios para el Mundial, donde enfrentaron a M\u00e9xico y Puerto Rico.<\/p>\n\n\n\n<figure class=\"wp-block-image size-large\"><img data-recalc-dims=\"1\" loading=\"lazy\" decoding=\"async\" width=\"633\" height=\"1024\" src=\"https:\/\/i0.wp.com\/nbm.com.mx\/wp-content\/uploads\/2025\/02\/IMG_2858.jpg?resize=633%2C1024&#038;ssl=1\" alt=\"\" class=\"wp-image-10546\" srcset=\"https:\/\/i0.wp.com\/nbm.com.mx\/wp-content\/uploads\/2025\/02\/IMG_2858.jpg?resize=633%2C1024&amp;ssl=1 633w, https:\/\/i0.wp.com\/nbm.com.mx\/wp-content\/uploads\/2025\/02\/IMG_2858.jpg?resize=185%2C300&amp;ssl=1 185w, https:\/\/i0.wp.com\/nbm.com.mx\/wp-content\/uploads\/2025\/02\/IMG_2858.jpg?resize=768%2C1242&amp;ssl=1 768w, https:\/\/i0.wp.com\/nbm.com.mx\/wp-content\/uploads\/2025\/02\/IMG_2858.jpg?resize=950%2C1536&amp;ssl=1 950w, https:\/\/i0.wp.com\/nbm.com.mx\/wp-content\/uploads\/2025\/02\/IMG_2858.jpg?resize=79%2C128&amp;ssl=1 79w, https:\/\/i0.wp.com\/nbm.com.mx\/wp-content\/uploads\/2025\/02\/IMG_2858.jpg?resize=20%2C32&amp;ssl=1 20w, https:\/\/i0.wp.com\/nbm.com.mx\/wp-content\/uploads\/2025\/02\/IMG_2858.jpg?w=1179&amp;ssl=1 1179w\" sizes=\"auto, (max-width: 633px) 100vw, 633px\" \/><figcaption class=\"wp-element-caption\">La selecci\u00f3n volver\u00e1 a utilizar un jersey color rojo tras varios a\u00f1os optando por colores negros, verdes y blancos.<\/figcaption><\/figure>\n","protected":false},"excerpt":{"rendered":"<p>El cantante de m\u00fasica regional mexicana, Car\u00edn Le\u00f3n, se ha convertido en el nuevo patrocinador de la selecci\u00f3n de b\u00e1squetbol mexicana.<\/p>\n","protected":false},"author":6,"featured_media":10541,"comment_status":"open","ping_status":"open","sticky":false,"template":"","format":"standard","meta":{"_monsterinsights_skip_tracking":false,"_monsterinsights_sitenote_active":false,"_monsterinsights_sitenote_note":"","_monsterinsights_sitenote_category":0,"_jetpack_memberships_contains_paid_content":false,"footnotes":"","jetpack_publicize_message":"","jetpack_publicize_feature_enabled":true,"jetpack_social_post_already_shared":true,"jetpack_social_options":{"image_generator_settings":{"template":"highway","default_image_id":0,"font":"","enabled":false},"version":2}},"categories":[121],"tags":[142,1231,2075,395,896],"class_list":["post-10538","post","type-post","status-publish","format-standard","has-post-thumbnail","hentry","category-seleccion-nacional","tag-ademeba","tag-americup-2025","tag-carin-leon","tag-omar-quintero","tag-seleccion-mexicana-2"],"aioseo_notices":[],"jetpack_publicize_connections":[],"jetpack_featured_media_url":"https:\/\/i0.wp.com\/nbm.com.mx\/wp-content\/uploads\/2025\/02\/carin-mex2.png?fit=1200%2C628&ssl=1","jetpack_sharing_enabled":true,"_links":{"self":[{"href":"https:\/\/nbm.com.mx\/index.php\/wp-json\/wp\/v2\/posts\/10538","targetHints":{"allow":["GET"]}}],"collection":[{"href":"https:\/\/nbm.com.mx\/index.php\/wp-json\/wp\/v2\/posts"}],"about":[{"href":"https:\/\/nbm.com.mx\/index.php\/wp-json\/wp\/v2\/types\/post"}],"author":[{"embeddable":true,"href":"https:\/\/nbm.com.mx\/index.php\/wp-json\/wp\/v2\/users\/6"}],"replies":[{"embeddable":true,"href":"https:\/\/nbm.com.mx\/index.php\/wp-json\/wp\/v2\/comments?post=10538"}],"version-history":[{"count":5,"href":"https:\/\/nbm.com.mx\/index.php\/wp-json\/wp\/v2\/posts\/10538\/revisions"}],"predecessor-version":[{"id":10547,"href":"https:\/\/nbm.com.mx\/index.php\/wp-json\/wp\/v2\/posts\/10538\/revisions\/10547"}],"wp:featuredmedia":[{"embeddable":true,"href":"https:\/\/nbm.com.mx\/index.php\/wp-json\/wp\/v2\/media\/10541"}],"wp:attachment":[{"href":"https:\/\/nbm.com.mx\/index.php\/wp-json\/wp\/v2\/media?parent=10538"}],"wp:term":[{"taxonomy":"category","embeddable":true,"href":"https:\/\/nbm.com.mx\/index.php\/wp-json\/wp\/v2\/categories?post=10538"},{"taxonomy":"post_tag","embeddable":true,"href":"https:\/\/nbm.com.mx\/index.php\/wp-json\/wp\/v2\/tags?post=10538"}],"curies":[{"name":"wp","href":"https:\/\/api.w.org\/{rel}","templated":true}]}}